{"id":25465,"date":"2025-12-03T16:01:00","date_gmt":"2025-12-03T15:01:00","guid":{"rendered":"https:\/\/uplandschule.de\/?p=25465"},"modified":"2026-01-26T10:42:49","modified_gmt":"2026-01-26T09:42:49","slug":"erfolgreicher-start-erster-sv-intensivtag-des-schuljahres","status":"publish","type":"post","link":"https:\/\/uplandschule.de\/?p=25465","title":{"rendered":"Erfolgreicher Start: Erster SV-Intensivtag des Schuljahres"},"content":{"rendered":"\n<p><br \/><img loading=\"lazy\" decoding=\"async\" src=\"https:\/\/uplandschule.de\/wp-content\/uploads\/2025\/12\/DSC_0051-300x175.jpeg\" alt=\"\" width=\"300\" height=\"175\" class=\"size-medium wp-image-25466 alignleft\" srcset=\"https:\/\/uplandschule.de\/wp-content\/uploads\/2025\/12\/DSC_0051-300x175.jpeg 300w, https:\/\/uplandschule.de\/wp-content\/uploads\/2025\/12\/DSC_0051-1024x596.jpeg 1024w, https:\/\/uplandschule.de\/wp-content\/uploads\/2025\/12\/DSC_0051-150x87.jpeg 150w, https:\/\/uplandschule.de\/wp-content\/uploads\/2025\/12\/DSC_0051-768x447.jpeg 768w, https:\/\/uplandschule.de\/wp-content\/uploads\/2025\/12\/DSC_0051-1536x894.jpeg 1536w, https:\/\/uplandschule.de\/wp-content\/uploads\/2025\/12\/DSC_0051-2048x1193.jpeg 2048w\" sizes=\"auto, (max-width: 300px) 100vw, 300px\" \/>Mit viel Motivation und zahlreichen Ideen fand am 17.11. der erste SV-Intensivtag der <br \/>Uplandschule Willingen dieses Schuljahres statt. <br \/>Dank der freundlichen Unterst\u00fctzung des Hotels Hochheide, das der Sch\u00fclervertretung seine <br \/>R\u00e4umlichkeiten kostenlos zur Verf\u00fcgung stellte, konnten wir Sch\u00fcler angenehm arbeiten und miteinander planen. <br \/>Zu Beginn stellten sich alle Mitglieder der neu gew\u00e4hlten SV vor. <br \/>Mitglieder sind: &#8211; Schulsprecherin: Klara Schlenger (Q1) &#8211; Vertretender Schulsprecher: Oscar M\u00fcller (Q3) &#8211; Oberstufensprecher: Thore Frank (Q1) &#8211; Mittelstufensprecherin: Clara Juske (R10) &#8211; Unterstufensprecherin: Luca Marie Volkenrath (G6a) &#8211; Beisitzerinnen: Jette Engelhard (Q1), Petra Costea (E1), Vereko Jaupaj (E1), Marieke Trachte (E1), <br \/>(Weitere Informationen zu den Mitgliedern der SV sind auf der Homepage der Uplandschule <br \/>Willingen einzusehen) <br \/>Im Anschluss starteten wir direkt mit viel Freude und sammelten vielf\u00e4ltige Vorschl\u00e4ge zur <br \/>Gestaltung und Verbesserung der Uplandschule. Besonders im Fokus standen Projekte f\u00fcr <br \/>die Adventszeit. <br \/>Es sollen Pr\u00e4sentk\u00f6rbe f\u00fcr das \u00f6rtliche Pflegeheim in Willingen gestaltet werden. Diese <br \/>werden gef\u00fcllt mit kleinen Aufmerksamkeiten wie Keksen, liebevollen Spr\u00fcchen und <br \/>weiteren herzerw\u00e4rmenden Kleinigkeiten, um die Adventsstimmung ein St\u00fcckchen sch\u00f6ner <br \/>und besonderer zu machen. <br \/>Dar\u00fcber hinaus arbeitet die SV bereits an der Planung weiterer Schulaktivit\u00e4ten, die die <br \/>Gemeinschaft an der Schule st\u00e4rken sollen. <br \/>Im Mittelpunkt steht insbesondere die Umsetzung der W\u00fcnsche, Ideen und Interessen der <br \/>gesamten Sch\u00fclerschaft. <br \/>Besonders erfreulich war die engagierte und unterst\u00fctzende Zusammenarbeit zwischen <br \/>Sch\u00fclern und Lehrkr\u00e4ften. Die zwei Vertrauenslehrer der Uplandschule, David Reibis und <br \/>Stefan Kesper, standen der SV in der Planung, wie auch Umsetzung beratend zur Seite, <br \/>leisteten eine bedeutende Unterst\u00fctzung und sorgten f\u00fcr eine produktive Atmosph\u00e4re. <br \/>Insgesamt war es ein erfolgreicher Start der Sch\u00fclervertretung, denn wir sind ein super Team <br \/>und freuen uns schon darauf, nicht nur zur planen, sondern unsere Ideen auch umsetzen zu <br \/>k\u00f6nnen.<\/p>\n","protected":false},"excerpt":{"rendered":"<p>Mit viel Motivation und zahlreichen Ideen fand am 17.11. der erste SV-Intensivtag der Uplandschule Willingen dieses Schuljahres statt. Dank der freundlichen Unterst\u00fctzung des Hotels Hochheide, das der Sch\u00fclervertretung seine R\u00e4umlichkeiten kostenlos zur Verf\u00fcgung stellte, konnten wir Sch\u00fcler angenehm arbeiten und miteinander planen. Zu Beginn stellten sich alle Mitglieder der neu [&hellip;]<\/p>\n","protected":false},"author":19,"featured_media":25466,"comment_status":"closed","ping_status":"open","sticky":false,"template":"","format":"standard","meta":{"footnotes":""},"categories":[39],"tags":[],"class_list":["post-25465","post","type-post","status-publish","format-standard","has-post-thumbnail","hentry","category-schulleben"],"_links":{"self":[{"href":"https:\/\/uplandschule.de\/index.php?rest_route=\/wp\/v2\/posts\/25465","targetHints":{"allow":["GET"]}}],"collection":[{"href":"https:\/\/uplandschule.de\/index.php?rest_route=\/wp\/v2\/posts"}],"about":[{"href":"https:\/\/uplandschule.de\/index.php?rest_route=\/wp\/v2\/types\/post"}],"author":[{"embeddable":true,"href":"https:\/\/uplandschule.de\/index.php?rest_route=\/wp\/v2\/users\/19"}],"replies":[{"embeddable":true,"href":"https:\/\/uplandschule.de\/index.php?rest_route=%2Fwp%2Fv2%2Fcomments&post=25465"}],"version-history":[{"count":1,"href":"https:\/\/uplandschule.de\/index.php?rest_route=\/wp\/v2\/posts\/25465\/revisions"}],"predecessor-version":[{"id":25467,"href":"https:\/\/uplandschule.de\/index.php?rest_route=\/wp\/v2\/posts\/25465\/revisions\/25467"}],"wp:featuredmedia":[{"embeddable":true,"href":"https:\/\/uplandschule.de\/index.php?rest_route=\/wp\/v2\/media\/25466"}],"wp:attachment":[{"href":"https:\/\/uplandschule.de\/index.php?rest_route=%2Fwp%2Fv2%2Fmedia&parent=25465"}],"wp:term":[{"taxonomy":"category","embeddable":true,"href":"https:\/\/uplandschule.de\/index.php?rest_route=%2Fwp%2Fv2%2Fcategories&post=25465"},{"taxonomy":"post_tag","embeddable":true,"href":"https:\/\/uplandschule.de\/index.php?rest_route=%2Fwp%2Fv2%2Ftags&post=25465"}],"curies":[{"name":"wp","href":"https:\/\/api.w.org\/{rel}","templated":true}]}}