{"id":25444,"date":"2025-12-02T07:50:05","date_gmt":"2025-12-02T06:50:05","guid":{"rendered":"https:\/\/uplandschule.de\/?p=25444"},"modified":"2025-12-02T07:50:05","modified_gmt":"2025-12-02T06:50:05","slug":"gelungener-auftakt","status":"publish","type":"post","link":"https:\/\/uplandschule.de\/?p=25444","title":{"rendered":"Gelungener Auftakt"},"content":{"rendered":"\n<p><img loading=\"lazy\" decoding=\"async\" src=\"https:\/\/uplandschule.de\/wp-content\/uploads\/2025\/12\/1000303740-300x225.jpg\" alt=\"\" width=\"300\" height=\"225\" class=\"size-medium wp-image-25445 alignleft\" srcset=\"https:\/\/uplandschule.de\/wp-content\/uploads\/2025\/12\/1000303740-300x225.jpg 300w, https:\/\/uplandschule.de\/wp-content\/uploads\/2025\/12\/1000303740-1024x768.jpg 1024w, https:\/\/uplandschule.de\/wp-content\/uploads\/2025\/12\/1000303740-150x113.jpg 150w, https:\/\/uplandschule.de\/wp-content\/uploads\/2025\/12\/1000303740-768x576.jpg 768w, https:\/\/uplandschule.de\/wp-content\/uploads\/2025\/12\/1000303740-1536x1152.jpg 1536w, https:\/\/uplandschule.de\/wp-content\/uploads\/2025\/12\/1000303740.jpg 2000w\" sizes=\"auto, (max-width: 300px) 100vw, 300px\" \/>Zum gestrigen Adventssonntag waren die Kinder der Musik-AG Klasse 2-4 zu Gast auf dem Weihnachtsmarkt in Rattlar.<\/p>\n<p>Mit gewohnt fr\u00f6hlichem Elan und ge\u00fcbten Stimmen verbreiteten sie mit einer Mischung aus traditionellen und modernen Advents- und Weihnachtsliedern und Gedichtvortr\u00e4gen vorweihnachtliche Stimmung.<\/p>\n<p>Das 30- min\u00fctige Programm aus Liedern und Gedichten war der Auftakt zu einer Reihe an Auftritten der Musik-AG in der Gemeinde Willingen.<\/p>\n<p>Kommenden Freitag geht es dann auf dem Willinger Winterm\u00e4rchen am Kurhaus weiter. Dort freuen sich alle Kinder der AG auf regen Besuch. Mitsingen ausdr\u00fccklich erw\u00fcnscht!<\/p>\n<p><\/p>\n","protected":false},"excerpt":{"rendered":"<p>Zum gestrigen Adventssonntag waren die Kinder der Musik-AG Klasse 2-4 zu Gast auf dem Weihnachtsmarkt in Rattlar. Mit gewohnt fr\u00f6hlichem Elan und ge\u00fcbten Stimmen verbreiteten sie mit einer Mischung aus traditionellen und modernen Advents- und Weihnachtsliedern und Gedichtvortr\u00e4gen vorweihnachtliche Stimmung. Das 30- min\u00fctige Programm aus Liedern und Gedichten war der [&hellip;]<\/p>\n","protected":false},"author":19,"featured_media":25445,"comment_status":"closed","ping_status":"open","sticky":false,"template":"","format":"standard","meta":{"footnotes":""},"categories":[1],"tags":[],"class_list":["post-25444","post","type-post","status-publish","format-standard","has-post-thumbnail","hentry","category-allgemein"],"_links":{"self":[{"href":"https:\/\/uplandschule.de\/index.php?rest_route=\/wp\/v2\/posts\/25444","targetHints":{"allow":["GET"]}}],"collection":[{"href":"https:\/\/uplandschule.de\/index.php?rest_route=\/wp\/v2\/posts"}],"about":[{"href":"https:\/\/uplandschule.de\/index.php?rest_route=\/wp\/v2\/types\/post"}],"author":[{"embeddable":true,"href":"https:\/\/uplandschule.de\/index.php?rest_route=\/wp\/v2\/users\/19"}],"replies":[{"embeddable":true,"href":"https:\/\/uplandschule.de\/index.php?rest_route=%2Fwp%2Fv2%2Fcomments&post=25444"}],"version-history":[{"count":1,"href":"https:\/\/uplandschule.de\/index.php?rest_route=\/wp\/v2\/posts\/25444\/revisions"}],"predecessor-version":[{"id":25446,"href":"https:\/\/uplandschule.de\/index.php?rest_route=\/wp\/v2\/posts\/25444\/revisions\/25446"}],"wp:featuredmedia":[{"embeddable":true,"href":"https:\/\/uplandschule.de\/index.php?rest_route=\/wp\/v2\/media\/25445"}],"wp:attachment":[{"href":"https:\/\/uplandschule.de\/index.php?rest_route=%2Fwp%2Fv2%2Fmedia&parent=25444"}],"wp:term":[{"taxonomy":"category","embeddable":true,"href":"https:\/\/uplandschule.de\/index.php?rest_route=%2Fwp%2Fv2%2Fcategories&post=25444"},{"taxonomy":"post_tag","embeddable":true,"href":"https:\/\/uplandschule.de\/index.php?rest_route=%2Fwp%2Fv2%2Ftags&post=25444"}],"curies":[{"name":"wp","href":"https:\/\/api.w.org\/{rel}","templated":true}]}}