{"id":24632,"date":"2024-11-22T00:00:00","date_gmt":"2024-11-21T23:00:00","guid":{"rendered":"https:\/\/uplandschule.de\/?p=24632"},"modified":"2024-11-19T09:33:07","modified_gmt":"2024-11-19T08:33:07","slug":"ewiges-hoffen-auf-frieden","status":"publish","type":"post","link":"https:\/\/uplandschule.de\/?p=24632","title":{"rendered":"Ewiges Hoffen auf Frieden"},"content":{"rendered":"\n<h3><em>Gedenkfeier auf dem j\u00fcdischen Friedhof in Eimelrod<\/em><\/h3>\n\n\n\n<figure class=\"wp-block-image size-full\"><img loading=\"lazy\" decoding=\"async\" width=\"700\" height=\"362\" src=\"https:\/\/uplandschule.de\/wp-content\/uploads\/2024\/11\/2024_11_13-Gedenken-1.jpg\" alt=\"\" class=\"wp-image-24633\" srcset=\"https:\/\/uplandschule.de\/wp-content\/uploads\/2024\/11\/2024_11_13-Gedenken-1.jpg 700w, https:\/\/uplandschule.de\/wp-content\/uploads\/2024\/11\/2024_11_13-Gedenken-1-300x155.jpg 300w, https:\/\/uplandschule.de\/wp-content\/uploads\/2024\/11\/2024_11_13-Gedenken-1-150x78.jpg 150w\" sizes=\"auto, (max-width: 700px) 100vw, 700px\" \/><\/figure>\n\n\n\n<p style=\"text-align: justify;\"><strong>WLZ, 13.11.2024: <em>Willingen-Eimelrod<\/em><\/strong> \u2013 Kossen, Schild, Strau\u00df: Die Namen, welche die Uplandsch\u00fcler auf dem J\u00fcdischen Friedhof verlesen, geh\u00f6ren Familien, die aus Eimelrod deportiert wurden oder die vor den Nazis flohen \u2013 meist ohne Erfolg. Sie geh\u00f6ren M\u00fcttern und V\u00e4tern, Gro\u00dfeltern und Jugendlichen, teils j\u00fcnger als die Elftkl\u00e4ssler, deren Leben meist in Auschwitz, Theresienstadt, Sobibor oder Riga ausgel\u00f6scht wurden. Bei der Gedenkfeier \u201eGegen das Vergessen\u201c wurden alle verlesen. Sch\u00fcler, Konfirmanden, Pfarrer, Vertreter der Kommunalpolitik und G\u00e4ste h\u00f6rten sie.<\/p>\n<p style=\"text-align: justify;\">\u201eUnsere j\u00fcdischen Mitb\u00fcrger wurden damals vom Nazi-Regime gnadenlos verfolgt, misshandelt und get\u00f6tet\u201c, hielt B\u00fcrgermeister Thomas Trachte fest: \u201eEs fehlt einem die Fantasie, um zu verstehen, wie Menschen das unschuldigen Mitb\u00fcrgern antun konnten.\u201c Es bleibe wichtig, sich \u00fcber diese Dinge Gedanken zu machen. \u201eDie Angst, dass so etwas wieder passieren kann, ist gar nicht so unbegr\u00fcndet\u201c, sagte er mit Hinblick auf roher werdenden internationalen Dialog, drohende und tobende Kriege. \u201eWir m\u00fcssen versuchen, unsere bescheidenen M\u00f6glichkeiten zu nutzen, dem entgegenzustehen.\u201c<\/p>\n<p style=\"text-align: justify;\">Pfarrer Kai Uwe Schr\u00f6ter ging auf den Religionsphilosophen Martin Buber ein, der \u00fcber den Blick vom j\u00fcdischen Friedhof in Worms auf die Kirche schrieb. Umgeben nur von den Grabsteinen und der Asche unter ihnen hielt er fest: \u201eDer lautlose Jammer ist mein, aber der Bund ist mir nicht aufgek\u00fcndigt worden.\u201c Die Haltung sei wichtig nicht nur angesichts des antisemitischen Hasses der Nazi-Zeit, sondern auch wegen der der Bedrohungen, die Juden in Deutschland heute erfahren.<\/p>\n<p style=\"text-align: justify;\">\u201eDie Hoffnung, dass Gott unsere Welt nicht im Stich l\u00e4sst\u201c finde sich in den Psalmen, sagte Pfarrerin Stephanie Stracke. Gemeinsam mit Gisela Grundmann las sie Psalm 122, der Jerusalem Frieden w\u00fcnscht. Gemeinsam fragten Pfarrerin Bettina Diener, Ortsvorsteher Johannes B\u00e4cker und Ursula Beste von der katholischen Gemeinde, wie es m\u00f6glich war, dass Menschen alle Verbindungen zu ihren j\u00fcdischen Nachbarn abbrachen, nichts einzuwenden hatten, als ihnen das Recht zum Leben genommen wurde, und auch Kirchen wegsahen und Mitglieder mit j\u00fcdischen Wurzeln ausstie\u00dfen. \u201eBeh\u00fcte, dass Angst um das eigene Wohlergehen uns erneut ausgrenzen oder zu Ausgrenzung schweigen l\u00e4sst\u201c, bat Ulrich Fa\u00df-Gerold.<\/p>\n<p style=\"text-align: justify;\">\u201eObwohl J\u00fcdinnen und Juden viel Leid erfahren haben, h\u00f6rten sie nicht auf, Gott zu loben\u201c, hielt Gisela Grundmann fest. Mit Ursula Beste betete sie das Kaddisch: Die F\u00fclle des Friedens m\u00f6ge vom Himmel herab ganz Israel zu teil werden, hei\u00dft es da. Die Runde erg\u00e4nzte die W\u00fcnsche: dass Israel den Juden eine Heimat bleibt, allen trauernden Familie Trost zu teil werde, gerechter Friede herrsche, den Entscheidenden der Politik Weitsicht zuteil werde und Frieden in alle Herzen einziehe. \u2003wf<\/p>\n","protected":false},"excerpt":{"rendered":"<p>Gedenkfeier auf dem j\u00fcdischen Friedhof in Eimelrod WLZ, 13.11.2024: Willingen-Eimelrod \u2013 Kossen, Schild, Strau\u00df: Die Namen, welche die Uplandsch\u00fcler auf dem J\u00fcdischen Friedhof verlesen, geh\u00f6ren Familien, die aus Eimelrod deportiert wurden oder die vor den Nazis flohen \u2013 meist ohne Erfolg. Sie geh\u00f6ren M\u00fcttern und V\u00e4tern, Gro\u00dfeltern und Jugendlichen, teils [&hellip;]<\/p>\n","protected":false},"author":15,"featured_media":24634,"comment_status":"closed","ping_status":"open","sticky":false,"template":"","format":"standard","meta":{"footnotes":""},"categories":[50],"tags":[],"class_list":["post-24632","post","type-post","status-publish","format-standard","has-post-thumbnail","hentry","category-nachrichten-24-25"],"_links":{"self":[{"href":"https:\/\/uplandschule.de\/index.php?rest_route=\/wp\/v2\/posts\/24632","targetHints":{"allow":["GET"]}}],"collection":[{"href":"https:\/\/uplandschule.de\/index.php?rest_route=\/wp\/v2\/posts"}],"about":[{"href":"https:\/\/uplandschule.de\/index.php?rest_route=\/wp\/v2\/types\/post"}],"author":[{"embeddable":true,"href":"https:\/\/uplandschule.de\/index.php?rest_route=\/wp\/v2\/users\/15"}],"replies":[{"embeddable":true,"href":"https:\/\/uplandschule.de\/index.php?rest_route=%2Fwp%2Fv2%2Fcomments&post=24632"}],"version-history":[{"count":2,"href":"https:\/\/uplandschule.de\/index.php?rest_route=\/wp\/v2\/posts\/24632\/revisions"}],"predecessor-version":[{"id":24636,"href":"https:\/\/uplandschule.de\/index.php?rest_route=\/wp\/v2\/posts\/24632\/revisions\/24636"}],"wp:featuredmedia":[{"embeddable":true,"href":"https:\/\/uplandschule.de\/index.php?rest_route=\/wp\/v2\/media\/24634"}],"wp:attachment":[{"href":"https:\/\/uplandschule.de\/index.php?rest_route=%2Fwp%2Fv2%2Fmedia&parent=24632"}],"wp:term":[{"taxonomy":"category","embeddable":true,"href":"https:\/\/uplandschule.de\/index.php?rest_route=%2Fwp%2Fv2%2Fcategories&post=24632"},{"taxonomy":"post_tag","embeddable":true,"href":"https:\/\/uplandschule.de\/index.php?rest_route=%2Fwp%2Fv2%2Ftags&post=24632"}],"curies":[{"name":"wp","href":"https:\/\/api.w.org\/{rel}","templated":true}]}}