{"id":23930,"date":"2024-06-30T20:00:00","date_gmt":"2024-06-30T18:00:00","guid":{"rendered":"https:\/\/uplandschule.de\/?p=23930"},"modified":"2024-06-30T19:47:12","modified_gmt":"2024-06-30T17:47:12","slug":"einladung-zur-smartphone-party","status":"publish","type":"post","link":"https:\/\/uplandschule.de\/?p=23930","title":{"rendered":"Einladung zur \u201eSmartphone &#8211; Party\u201c"},"content":{"rendered":"\n<h3><em>Musical &#8211; AG der Uplandschule f\u00fchrt ihre neue Produktion auf<\/em><\/h3>\n\n\n\n<figure class=\"wp-block-image size-large\"><img loading=\"lazy\" decoding=\"async\" width=\"1024\" height=\"768\" src=\"https:\/\/uplandschule.de\/wp-content\/uploads\/2024\/06\/Smartphonebild-1024x768.jpeg\" alt=\"\" class=\"wp-image-23931\" srcset=\"https:\/\/uplandschule.de\/wp-content\/uploads\/2024\/06\/Smartphonebild-1024x768.jpeg 1024w, https:\/\/uplandschule.de\/wp-content\/uploads\/2024\/06\/Smartphonebild-300x225.jpeg 300w, https:\/\/uplandschule.de\/wp-content\/uploads\/2024\/06\/Smartphonebild-150x113.jpeg 150w, https:\/\/uplandschule.de\/wp-content\/uploads\/2024\/06\/Smartphonebild-768x576.jpeg 768w, https:\/\/uplandschule.de\/wp-content\/uploads\/2024\/06\/Smartphonebild-1536x1152.jpeg 1536w, https:\/\/uplandschule.de\/wp-content\/uploads\/2024\/06\/Smartphonebild-2048x1536.jpeg 2048w\" sizes=\"auto, (max-width: 1024px) 100vw, 1024px\" \/><\/figure>\n\n\n\n<p>Wie jedes Jahr, so hat die Musical &#8211; AG auch in diesem Schuljahr unter der Leitung von Herrn Schillm\u00f6ller wieder ein kleines Musical vorbereitet und wird am Montag, dem 01. Juli in der Aula zur Auff\u00fchrung bringen.<\/p>\n<p>Thematisch geht es um das Verf\u00fchrungspotential, welches Smartphone und Computer in unserem Zeitalter haben. <br \/>Konkret handelt das St\u00fcck von den Freundinnen Sabrina und Emily. Sabrina lebt in einer sehr wohlhabenden Familie; dennoch ist sie mit Emily, die in einer eher mittelst\u00e4ndischen Familie aufw\u00e4chst, befreundet und trifft sich mit ihr \u00f6fter zum Basteln. Bei dieser Gelegenheit teilt Sabrina ihrer Freundin und Schulkameradin mit, dass sie zum Geburtstag das lang ersehnte Smartphone bekommt. Schon bald stellt sich heraus, dass Sabrina derart fasziniert von diesem Ger\u00e4t ist, dass ihr Kontakt zu Emily darunter zu leiden beginnt. Emily, die sich v\u00f6llig von der elektronischen Welt distanziert, versucht, Sabrina wieder aus ihrer digitalen Welt herauszuholen. Problematisch dabei ist auch, dass Sabrinas Mutter, ebenso wie ihre Tochter, die Computerelektronik als Ersatz f\u00fcr Livetreffen nutzt.<\/p>\n<p>Das St\u00fcck dauert etwa 45 Minuten und wird an dem Tag drei Mal aufgef\u00fchrt: Morgens bietet die Musical &#8211; AG zwei Auff\u00fchrungen f\u00fcr die Klassen 4 bis 7 in der Aula an: In der dritten und in der f\u00fcnften Stunde.<\/p>\n<p>Nat\u00fcrlich freut sich die Musical &#8211; AG auch, wenn Sie mit Ihrer Familie, Freunden und Bekannten zur \u00f6ffentlichen Auff\u00fchrung am 01. Juli um 15 Uhr im Begegnungscaf\u00e9 (unterhalb der evangelischen Kirche) kommen.<\/p>\n<p>Der Eintritt zu diesen Veranstaltungen ist frei!<\/p>\n","protected":false},"excerpt":{"rendered":"<p>Musical &#8211; AG der Uplandschule f\u00fchrt ihre neue Produktion auf Wie jedes Jahr, so hat die Musical &#8211; AG auch in diesem Schuljahr unter der Leitung von Herrn Schillm\u00f6ller wieder ein kleines Musical vorbereitet und wird am Montag, dem 01. Juli in der Aula zur Auff\u00fchrung bringen. Thematisch geht es [&hellip;]<\/p>\n","protected":false},"author":15,"featured_media":23931,"comment_status":"closed","ping_status":"open","sticky":false,"template":"","format":"standard","meta":{"footnotes":""},"categories":[31,17],"tags":[],"class_list":["post-23930","post","type-post","status-publish","format-standard","has-post-thumbnail","hentry","category-ganztag","category-musik"],"_links":{"self":[{"href":"https:\/\/uplandschule.de\/index.php?rest_route=\/wp\/v2\/posts\/23930","targetHints":{"allow":["GET"]}}],"collection":[{"href":"https:\/\/uplandschule.de\/index.php?rest_route=\/wp\/v2\/posts"}],"about":[{"href":"https:\/\/uplandschule.de\/index.php?rest_route=\/wp\/v2\/types\/post"}],"author":[{"embeddable":true,"href":"https:\/\/uplandschule.de\/index.php?rest_route=\/wp\/v2\/users\/15"}],"replies":[{"embeddable":true,"href":"https:\/\/uplandschule.de\/index.php?rest_route=%2Fwp%2Fv2%2Fcomments&post=23930"}],"version-history":[{"count":1,"href":"https:\/\/uplandschule.de\/index.php?rest_route=\/wp\/v2\/posts\/23930\/revisions"}],"predecessor-version":[{"id":23932,"href":"https:\/\/uplandschule.de\/index.php?rest_route=\/wp\/v2\/posts\/23930\/revisions\/23932"}],"wp:featuredmedia":[{"embeddable":true,"href":"https:\/\/uplandschule.de\/index.php?rest_route=\/wp\/v2\/media\/23931"}],"wp:attachment":[{"href":"https:\/\/uplandschule.de\/index.php?rest_route=%2Fwp%2Fv2%2Fmedia&parent=23930"}],"wp:term":[{"taxonomy":"category","embeddable":true,"href":"https:\/\/uplandschule.de\/index.php?rest_route=%2Fwp%2Fv2%2Fcategories&post=23930"},{"taxonomy":"post_tag","embeddable":true,"href":"https:\/\/uplandschule.de\/index.php?rest_route=%2Fwp%2Fv2%2Ftags&post=23930"}],"curies":[{"name":"wp","href":"https:\/\/api.w.org\/{rel}","templated":true}]}}