{"id":23398,"date":"2024-02-22T09:50:50","date_gmt":"2024-02-22T08:50:50","guid":{"rendered":"https:\/\/uplandschule.de\/?p=23398"},"modified":"2024-02-22T09:50:51","modified_gmt":"2024-02-22T08:50:51","slug":"mathe-sieger-der-uplandschule-geehrt","status":"publish","type":"post","link":"https:\/\/uplandschule.de\/?p=23398","title":{"rendered":"MATHE-SIEGER der Uplandschule geehrt"},"content":{"rendered":"\n<figure class=\"wp-block-image size-large is-resized\"><img loading=\"lazy\" decoding=\"async\" src=\"https:\/\/uplandschule.de\/wp-content\/uploads\/2024\/02\/2024_02_BILD_MATHE-EhrungSj23_24-1024x768.jpg\" alt=\"\" class=\"wp-image-23399\" width=\"632\" height=\"474\" srcset=\"https:\/\/uplandschule.de\/wp-content\/uploads\/2024\/02\/2024_02_BILD_MATHE-EhrungSj23_24-1024x768.jpg 1024w, https:\/\/uplandschule.de\/wp-content\/uploads\/2024\/02\/2024_02_BILD_MATHE-EhrungSj23_24-300x225.jpg 300w, https:\/\/uplandschule.de\/wp-content\/uploads\/2024\/02\/2024_02_BILD_MATHE-EhrungSj23_24-150x113.jpg 150w, https:\/\/uplandschule.de\/wp-content\/uploads\/2024\/02\/2024_02_BILD_MATHE-EhrungSj23_24-768x576.jpg 768w, https:\/\/uplandschule.de\/wp-content\/uploads\/2024\/02\/2024_02_BILD_MATHE-EhrungSj23_24.jpg 1280w\" sizes=\"auto, (max-width: 632px) 100vw, 632px\" \/><figcaption><em>Das Bild zeigt von links:<br>Hanna Wollny (G5a), David Dressler (G8), Jan Vogel (G5b), Niclas Jechorek (HR8), Herrn Gerstengarbe, Amalia Kelm (G5A) und Schulleiterin Frau Pavlu. Clara Kelm (HR8) fehlt krankheitsbedingt.<\/em><\/figcaption><\/figure>\n\n\n\n<p style=\"text-align: justify;\">Im 1. Halbjahr des laufenden Schuljahres nahmen Sch\u00fclerinnen und Sch\u00fcler der Uplandschule erfolgreich an verpflichtenden und auch freiwilligen Wettbewerben im Fach Mathematik teil. <br \/>In dem f\u00fcr alle 8. Klassen obligatorischen Mathe-Wettbewerb, der nach Schulform differenziert ist und Aufgaben zu Themengebieten der Klassenstufen 6-8 enth\u00e4lt, konnten sich die drei Erstplatzierten nicht nur eine gute Note sichern sondern auch f\u00fcr die n\u00e4chste Runde qualifizieren. Diese sind: Niclas Jechorek, Clara Kelm und David Dressler. Sie werden zur Regional-Runde nach Korbach Anfang M\u00e4rz eingeladen, um ihr mathematisches Verst\u00e4ndnis erneut unter Beweis zu stellen.<br \/>In bereits zwei absolvierten Runden der Mathematik-Olympiade setzten sich drei Mathematik-Talente mit den h\u00f6chsten Punktzahlen durch. Nachdem in einer Hausaufgaben-Runde eine Vorauswahl durch die Lehrkr\u00e4fte getroffen wurde, stand in der Regionalrunde eine vierst\u00fcndige Klausur an. Jahrgangsspezifische, teils knifflige Mathe-Aufgaben mussten gel\u00f6st und auch detailliert begr\u00fcndet werden. Die H\u00f6chstpunktzahl von 40 kann so nur \u00e4u\u00dferst selten erreicht werden. Schulsieger Jan Vogel erreichte 34, Amalia Kelm 33 und Hanna Wollny 29 Punkte. Sie waren damit die drei Besten und wurden genauso wie die Sieger des 8er-Wettbewerbs von Schulleiterin Frau Pavlu und Wettbewerbs-Beauftragten Herrn Gerstengarbe mit einem Gutschein ausgezeichnet.<\/p>\n\n\n\n\n\n<figure class=\"wp-block-image size-large is-resized\"><img loading=\"lazy\" decoding=\"async\" src=\"https:\/\/uplandschule.de\/wp-content\/uploads\/2024\/02\/204_02_BILD_Mathe-Ehrung_ALLE_Sj23-24-1024x768.jpg\" alt=\"\" class=\"wp-image-23400\" width=\"469\" height=\"352\" srcset=\"https:\/\/uplandschule.de\/wp-content\/uploads\/2024\/02\/204_02_BILD_Mathe-Ehrung_ALLE_Sj23-24-1024x768.jpg 1024w, https:\/\/uplandschule.de\/wp-content\/uploads\/2024\/02\/204_02_BILD_Mathe-Ehrung_ALLE_Sj23-24-300x225.jpg 300w, https:\/\/uplandschule.de\/wp-content\/uploads\/2024\/02\/204_02_BILD_Mathe-Ehrung_ALLE_Sj23-24-150x113.jpg 150w, https:\/\/uplandschule.de\/wp-content\/uploads\/2024\/02\/204_02_BILD_Mathe-Ehrung_ALLE_Sj23-24-768x576.jpg 768w, https:\/\/uplandschule.de\/wp-content\/uploads\/2024\/02\/204_02_BILD_Mathe-Ehrung_ALLE_Sj23-24.jpg 1280w\" sizes=\"auto, (max-width: 469px) 100vw, 469px\" \/><figcaption>eine Urkunde bekamen au\u00dferdem Lotta H\u00e4u\u00dfler,\u00a0<br>Alen\u00a0Kladanjcic, (2. und 3. von links ) und Robin Fa\u00df (ganz rechts)<\/figcaption><\/figure>\n","protected":false},"excerpt":{"rendered":"<p>Im 1. Halbjahr des laufenden Schuljahres nahmen Sch\u00fclerinnen und Sch\u00fcler der Uplandschule erfolgreich an verpflichtenden und auch freiwilligen Wettbewerben im Fach Mathematik teil. In dem f\u00fcr alle 8. Klassen obligatorischen Mathe-Wettbewerb, der nach Schulform differenziert ist und Aufgaben zu Themengebieten der Klassenstufen 6-8 enth\u00e4lt, konnten sich die drei Erstplatzierten nicht [&hellip;]<\/p>\n","protected":false},"author":15,"featured_media":23399,"comment_status":"closed","ping_status":"open","sticky":false,"template":"","format":"standard","meta":{"footnotes":""},"categories":[1,32,20],"tags":[],"class_list":["post-23398","post","type-post","status-publish","format-standard","has-post-thumbnail","hentry","category-allgemein","category-mathematik","category-wettbewerbe"],"_links":{"self":[{"href":"https:\/\/uplandschule.de\/index.php?rest_route=\/wp\/v2\/posts\/23398","targetHints":{"allow":["GET"]}}],"collection":[{"href":"https:\/\/uplandschule.de\/index.php?rest_route=\/wp\/v2\/posts"}],"about":[{"href":"https:\/\/uplandschule.de\/index.php?rest_route=\/wp\/v2\/types\/post"}],"author":[{"embeddable":true,"href":"https:\/\/uplandschule.de\/index.php?rest_route=\/wp\/v2\/users\/15"}],"replies":[{"embeddable":true,"href":"https:\/\/uplandschule.de\/index.php?rest_route=%2Fwp%2Fv2%2Fcomments&post=23398"}],"version-history":[{"count":2,"href":"https:\/\/uplandschule.de\/index.php?rest_route=\/wp\/v2\/posts\/23398\/revisions"}],"predecessor-version":[{"id":23402,"href":"https:\/\/uplandschule.de\/index.php?rest_route=\/wp\/v2\/posts\/23398\/revisions\/23402"}],"wp:featuredmedia":[{"embeddable":true,"href":"https:\/\/uplandschule.de\/index.php?rest_route=\/wp\/v2\/media\/23399"}],"wp:attachment":[{"href":"https:\/\/uplandschule.de\/index.php?rest_route=%2Fwp%2Fv2%2Fmedia&parent=23398"}],"wp:term":[{"taxonomy":"category","embeddable":true,"href":"https:\/\/uplandschule.de\/index.php?rest_route=%2Fwp%2Fv2%2Fcategories&post=23398"},{"taxonomy":"post_tag","embeddable":true,"href":"https:\/\/uplandschule.de\/index.php?rest_route=%2Fwp%2Fv2%2Ftags&post=23398"}],"curies":[{"name":"wp","href":"https:\/\/api.w.org\/{rel}","templated":true}]}}