{"id":22808,"date":"2023-11-09T08:55:42","date_gmt":"2023-11-09T07:55:42","guid":{"rendered":"https:\/\/uplandschule.de\/?p=22808"},"modified":"2023-11-09T08:55:43","modified_gmt":"2023-11-09T07:55:43","slug":"neue-schulsprecherin-wurde-gewaehlt","status":"publish","type":"post","link":"https:\/\/uplandschule.de\/?p=22808","title":{"rendered":"Neue Schulsprecherin wurde gew\u00e4hlt"},"content":{"rendered":"\n<h3><em>Nina Klingelh\u00f6fer wird in ihrem Amt best\u00e4tigt<\/em><\/h3>\n\n\n\n<figure class=\"wp-block-image size-large is-resized\"><img loading=\"lazy\" decoding=\"async\" src=\"https:\/\/uplandschule.de\/wp-content\/uploads\/2023\/11\/IMG-20231108-WA0001-683x1024.jpg\" alt=\"\" class=\"wp-image-22809\" width=\"512\" height=\"768\" srcset=\"https:\/\/uplandschule.de\/wp-content\/uploads\/2023\/11\/IMG-20231108-WA0001-683x1024.jpg 683w, https:\/\/uplandschule.de\/wp-content\/uploads\/2023\/11\/IMG-20231108-WA0001-200x300.jpg 200w, https:\/\/uplandschule.de\/wp-content\/uploads\/2023\/11\/IMG-20231108-WA0001-100x150.jpg 100w, https:\/\/uplandschule.de\/wp-content\/uploads\/2023\/11\/IMG-20231108-WA0001-768x1152.jpg 768w, https:\/\/uplandschule.de\/wp-content\/uploads\/2023\/11\/IMG-20231108-WA0001.jpg 1000w\" sizes=\"auto, (max-width: 512px) 100vw, 512px\" \/><\/figure>\n\n\n\n<p style=\"text-align: justify;\">Nina Klingelh\u00f6fer aus der Q1 wurde am 30.10.2023 erneut zur Schulsprecherin der Uplandschule gew\u00e4hlt. Um mehr \u00fcber unsere aktuelle Schulsprecherin zu erfahren, haben die beiden Juniorreporterinnen Amy-Lynn Langner und Romy G\u00f6hler sie interviewt. Dabei befragten sie Nina zu den Hintergr\u00fcnden ihrer erneuten Kandidatur, ihren Zielen, ihren Aufgaben, ihren Rechten und ihren Pl\u00e4nen f\u00fcr das aktuelle und kommende Schuljahr.<\/p>\n<p style=\"text-align: justify;\"><em><strong>Juniorreporterinnen<\/strong>: Warum wolltest du Schulsprecherin werden?<\/em><br \/><strong>Nina<\/strong>: Es macht mir Spa\u00df und ich interessiere mich f\u00fcr die Arbeit in der SV. Es ist mir wichtig, dass es allen Sch\u00fcler*innen an unserer Schule gut geht.<\/p>\n<p style=\"text-align: justify;\"><em><strong>Juniorreporterinnen<\/strong>: Was m\u00f6chtest du an unserer Schule ver\u00e4ndern?<\/em><br \/><strong>Nina<\/strong>: Ich m\u00f6chte gerne die Vorschl\u00e4ge umsetzen, welche die SV erreichen. Unter anderem soll es einen Snack-Automaten im A-Geb\u00e4ude geben und eine Weihnachtsaktion der Schulgemeinde.<\/p>\n<p style=\"text-align: justify;\"><em><strong>Juniorreporterinnen<\/strong>: Wann hast dich entschieden Schulsprecherin zu werden?<\/em><br \/><strong>Nina<\/strong>: Es war eine relativ spontane Entscheidung. Als ich in der Einf\u00fchrungsphase war, gab es niemanden, der sich vorstellen konnte, diese Aufgabe zu \u00fcbernehmen. Da habe ich mir gedacht, das ist eine wichtige Aufgabe und ich k\u00f6nnte es einfach einmal ausprobieren. Dann wurde ich gew\u00e4hlt. Da es mir Spa\u00df gemacht hat, habe ich erneut kandidiert.<\/p>\n<p style=\"text-align: justify;\"><em><strong>Juniorreporterinnen<\/strong>: Was sind deine Aufgaben als Schulsprecherin?<\/em><br \/><strong>Nina<\/strong>: Ich bin f\u00fcr die Koordination der SV-Sitzungen sowie die Wahlen verantwortlich und k\u00fcmmere mich um die Planung und Umsetzung verschiedenster Projekte.<\/p>\n<p style=\"text-align: justify;\"><em><strong>Juniorreporterinnen<\/strong>: Was f\u00fcr Rechte hast du als Schulsprecherin?<\/em><br \/><strong>Nina<\/strong>: Ich darf mit den Lehrkr\u00e4ften und der Schulleitungen Entscheidungen besprechen und Einfluss darauf nehmen. Ich nehme an verschiedenen Konferenzen teil, die sich mit Themen, die unsere Schule betreffen, befassen und die Weiterentwicklung und Gestaltung thematisieren.<\/p>\n<p style=\"text-align: justify;\"><em><strong>Juniorreporterinnen<\/strong>: Warst du \u00fcberrascht, dass du die Einzige warst, die kandidiert hat?<\/em><br \/><strong>Nina<\/strong>: Es hat mich nicht wirklich \u00fcberrascht, da ich bereits im Jahr davor gemerkt habe, dass sich niemand f\u00fcr diese Aufgabe interessiert.<\/p>\n<p style=\"text-align: justify;\"><em><strong>Juniorreporterinnen<\/strong>: M\u00f6chtest du in deinem letzten Schuljahr an unserer Schule auch kandidieren?<\/em><br \/><strong>Nina<\/strong>: Ich denke, dass ich im n\u00e4chsten Schuljahr nicht noch einmal als Schulsprecherin kandidiere, aber mich vielleicht auf eine andere Position bewerbe.<\/p>\n","protected":false},"excerpt":{"rendered":"<p>Nina Klingelh\u00f6fer wird in ihrem Amt best\u00e4tigt Nina Klingelh\u00f6fer aus der Q1 wurde am 30.10.2023 erneut zur Schulsprecherin der Uplandschule gew\u00e4hlt. Um mehr \u00fcber unsere aktuelle Schulsprecherin zu erfahren, haben die beiden Juniorreporterinnen Amy-Lynn Langner und Romy G\u00f6hler sie interviewt. Dabei befragten sie Nina zu den Hintergr\u00fcnden ihrer erneuten Kandidatur, [&hellip;]<\/p>\n","protected":false},"author":15,"featured_media":22809,"comment_status":"closed","ping_status":"open","sticky":false,"template":"","format":"standard","meta":{"footnotes":""},"categories":[39],"tags":[],"class_list":["post-22808","post","type-post","status-publish","format-standard","has-post-thumbnail","hentry","category-schulleben"],"_links":{"self":[{"href":"https:\/\/uplandschule.de\/index.php?rest_route=\/wp\/v2\/posts\/22808","targetHints":{"allow":["GET"]}}],"collection":[{"href":"https:\/\/uplandschule.de\/index.php?rest_route=\/wp\/v2\/posts"}],"about":[{"href":"https:\/\/uplandschule.de\/index.php?rest_route=\/wp\/v2\/types\/post"}],"author":[{"embeddable":true,"href":"https:\/\/uplandschule.de\/index.php?rest_route=\/wp\/v2\/users\/15"}],"replies":[{"embeddable":true,"href":"https:\/\/uplandschule.de\/index.php?rest_route=%2Fwp%2Fv2%2Fcomments&post=22808"}],"version-history":[{"count":1,"href":"https:\/\/uplandschule.de\/index.php?rest_route=\/wp\/v2\/posts\/22808\/revisions"}],"predecessor-version":[{"id":22810,"href":"https:\/\/uplandschule.de\/index.php?rest_route=\/wp\/v2\/posts\/22808\/revisions\/22810"}],"wp:featuredmedia":[{"embeddable":true,"href":"https:\/\/uplandschule.de\/index.php?rest_route=\/wp\/v2\/media\/22809"}],"wp:attachment":[{"href":"https:\/\/uplandschule.de\/index.php?rest_route=%2Fwp%2Fv2%2Fmedia&parent=22808"}],"wp:term":[{"taxonomy":"category","embeddable":true,"href":"https:\/\/uplandschule.de\/index.php?rest_route=%2Fwp%2Fv2%2Fcategories&post=22808"},{"taxonomy":"post_tag","embeddable":true,"href":"https:\/\/uplandschule.de\/index.php?rest_route=%2Fwp%2Fv2%2Ftags&post=22808"}],"curies":[{"name":"wp","href":"https:\/\/api.w.org\/{rel}","templated":true}]}}