{"id":22647,"date":"2023-10-07T00:00:00","date_gmt":"2023-10-06T22:00:00","guid":{"rendered":"https:\/\/uplandschule.de\/?p=22647"},"modified":"2023-10-05T17:10:51","modified_gmt":"2023-10-05T15:10:51","slug":"schueler-befragen-kandidaten","status":"publish","type":"post","link":"https:\/\/uplandschule.de\/?p=22647","title":{"rendered":"Sch\u00fcler befragen Kandidaten"},"content":{"rendered":"\n<h3><em>Rege Debatte bei Podiumsdiskussion des Kreissch\u00fclerrats in Willingen<\/em><\/h3>\n\n\n\n<figure class=\"wp-block-image size-full\"><img loading=\"lazy\" decoding=\"async\" width=\"700\" height=\"323\" src=\"https:\/\/uplandschule.de\/wp-content\/uploads\/2023\/10\/2023_09_29-Debatte.jpg\" alt=\"\" class=\"wp-image-22648\" srcset=\"https:\/\/uplandschule.de\/wp-content\/uploads\/2023\/10\/2023_09_29-Debatte.jpg 700w, https:\/\/uplandschule.de\/wp-content\/uploads\/2023\/10\/2023_09_29-Debatte-300x138.jpg 300w, https:\/\/uplandschule.de\/wp-content\/uploads\/2023\/10\/2023_09_29-Debatte-150x69.jpg 150w\" sizes=\"auto, (max-width: 700px) 100vw, 700px\" \/><\/figure>\n\n\n\n<p style=\"text-align: justify;\"><strong>WLZ, 29.09.2023: <em>Willingen<\/em><\/strong> \u2013 Mitglieder der Sch\u00fclervertretungen im Landkreis und Oberstufenstufensch\u00fcler der Uplandschule haben Direktkandidaten f\u00fcr die Landestagswahl am 8. Oktober bei einer Podiumsdiskussion befragt. Dabei waren Jan-Wilhelm Pohlmann (CDU), Daniel May (Gr\u00fcne), Latif Hamamiyeh Al-Homssi (SPD), Friederike Becker (FDP) und J\u00fcrgen Bachmann (Linke), Yvonne Venticinque-Effenberger (AfD) hatte aus pers\u00f6nlichen Gr\u00fcnden abgesagt.<\/p>\n<p style=\"text-align: justify;\">Die Moderatoren Karim Belgacem (Hans-Viessmann-Schule) und Eric M\u00fcller (Uplandschule) befragten sie zu den Themen Schulen, Entwicklung im L\u00e4ndlichen Raum, Verkehr und Finanzen, schlie\u00dflich hatten die Sch\u00fcler selbst die M\u00f6glichkeit, Fragen zu stellen.<\/p>\n<p style=\"text-align: justify;\">\u201eWarum werden Nichtarbeitende belohnt, aber Arbeitende bestraft?\u201c, so ein Sch\u00fcler \u2013 der Annahme, die der Frage zugrunde lag, widersprach Al-Homssi: In \u201eSaus und Braus\u201c lebten B\u00fcrgergeld-Empf\u00e4nger nicht. Die Erh\u00f6hung um 50 Euro kritisierten Sozialverb\u00e4nde angesichts der Inflation als zu niedrig. Probleme sehe er in der oft fehlenden Tarifbindung. Der Mindestlohn jedenfalls solle weiter steigen.<\/p>\n<p style=\"text-align: justify;\">J\u00fcrgen Bachmann hatte in einer Schnellfrage-Runde als einziger die Aktivit\u00e4ten der \u201eLetzten Generation\u201c verteidigt, was ein Sch\u00fcler hinterfragte. Ziviler Widerstand sei legitim, die Haftstrafen fielen hoch aus; Pr\u00e4ventivhaft dagegen kritisierte er. Er bestritt, dass die Aktivisten Leben riskieren: Es sei die absolute Regel, dass Rettungsgassen gebildet w\u00fcrden. Jan-Wilhelm Pohlmann unterstrich derweil, dass das Demonstrationsrecht keine Narrenfreiheit biete. Friederike Becker gab zu Bedenken, dass das Vorgehen der Akzeptanz f\u00fcr ein berechtigtes Ziel schade. Den Frust der von Blockaden Betroffener k\u00f6nne sie verstehen: \u201eEs k\u00f6nnen doch nicht alle machen, was sie wollen.\u201c<\/p>\n<p style=\"text-align: justify;\">Kritik an Kosten bei Sch\u00fclerticket und mangelnder Flexibilit\u00e4t je nach Schulwahl nahm Daniel May an \u2013 es sei in Arbeit, aber auch ein kompliziertes Feld. Die Kosten seien derweil schon gesenkt worden. Auch zum Thema Mobbing antwortete er: An Pr\u00e4vention werde immer gearbeitet, Lehrer sollten im Bereich der sozialen Medien fortgebildet werden.<\/p>\n<p style=\"text-align: justify;\">Kostspielige kommunale Investitionen wie das Lagunenbad und die Fu\u00dfg\u00e4ngerbr\u00fccke am Bahnhof kritisierte eine junge Upl\u00e4nderin. Friederike Becker spielte den Ball zur\u00fcck: Solche Anliegen h\u00e4tten sie in die Kommunalpolitik gef\u00fchrt. Auch die Fragestellerin k\u00f6nne sich engagieren.<\/p>\n<p style=\"text-align: justify;\">Auch nach der Legalisierung von Cannabis wurde gefragt. Es sei ohnehin leicht zu bekommen, werde so aber geregelter verkauft, erkl\u00e4rte Al-Homssi. Bachmann betonte, dass f\u00fcr Strafverfolgung aufgewendetes Geld f\u00fcr Therapien und Schutz S\u00fcchtiger mehr bewirke. Pohlmann sprach sich gegen die Legalisierung aus: Er habe beruflich viele Drogens\u00fcchtige kennengelernt, Alkohol und Cannabis seien immer der Einstieg gewesen.<\/p>\n<p style=\"text-align: justify;\">Auch nach der Haltung zum Thema LGBTQ wurde gefragt. \u201eJeder solle lieben d\u00fcrfen, wen er will\u201c, sagte Friederike Becker, Pohlmann f\u00fcgte hinzu: \u201ePolitik darf da keine Vorgaben machen.\u201c Rechtliche Diskriminierung werde abgebaut, sagte Daniel May: \u201eDas entbindet uns nicht davon, f\u00fcr gesellschaftliche Akzeptanz zu sorgen.\u201c Ein Sch\u00fcler beschwerte sich, dass das \u00d6ffentlich-Rechtliche Fernsehen in Programmen, die Kinder sehen, Geschlechtsumwandlungen als etwas normales zeige. Das sei es ja auch, sagte Bachmann, und Al-Homssi erkl\u00e4rte: Es sei Aufgabe des Rundfunks, Lebensrealit\u00e4ten im Land abzubilden \u2013 auch wenn nicht jeder sie aus seinem Bekanntenkreis kenne. Leichtfertige Geschlechtsumwandlungen nehme niemand vor, unterstrich May und Pohlmann betonte den Bildungsauftrag des \u00d6ffentlich-Rechtlichen Fernsehens \u2013 die Politik d\u00fcrfe da nicht hineinreden.<\/p>\n<p style=\"text-align: justify;\"><br \/>VON WILHELM FIGGE<\/p>\n","protected":false},"excerpt":{"rendered":"<p>Rege Debatte bei Podiumsdiskussion des Kreissch\u00fclerrats in Willingen WLZ, 29.09.2023: Willingen \u2013 Mitglieder der Sch\u00fclervertretungen im Landkreis und Oberstufenstufensch\u00fcler der Uplandschule haben Direktkandidaten f\u00fcr die Landestagswahl am 8. Oktober bei einer Podiumsdiskussion befragt. Dabei waren Jan-Wilhelm Pohlmann (CDU), Daniel May (Gr\u00fcne), Latif Hamamiyeh Al-Homssi (SPD), Friederike Becker (FDP) und J\u00fcrgen [&hellip;]<\/p>\n","protected":false},"author":15,"featured_media":22648,"comment_status":"closed","ping_status":"open","sticky":false,"template":"","format":"standard","meta":{"footnotes":""},"categories":[47,18],"tags":[],"class_list":["post-22647","post","type-post","status-publish","format-standard","has-post-thumbnail","hentry","category-nachrichten-23-24","category-schulveranstaltungen"],"_links":{"self":[{"href":"https:\/\/uplandschule.de\/index.php?rest_route=\/wp\/v2\/posts\/22647","targetHints":{"allow":["GET"]}}],"collection":[{"href":"https:\/\/uplandschule.de\/index.php?rest_route=\/wp\/v2\/posts"}],"about":[{"href":"https:\/\/uplandschule.de\/index.php?rest_route=\/wp\/v2\/types\/post"}],"author":[{"embeddable":true,"href":"https:\/\/uplandschule.de\/index.php?rest_route=\/wp\/v2\/users\/15"}],"replies":[{"embeddable":true,"href":"https:\/\/uplandschule.de\/index.php?rest_route=%2Fwp%2Fv2%2Fcomments&post=22647"}],"version-history":[{"count":1,"href":"https:\/\/uplandschule.de\/index.php?rest_route=\/wp\/v2\/posts\/22647\/revisions"}],"predecessor-version":[{"id":22649,"href":"https:\/\/uplandschule.de\/index.php?rest_route=\/wp\/v2\/posts\/22647\/revisions\/22649"}],"wp:featuredmedia":[{"embeddable":true,"href":"https:\/\/uplandschule.de\/index.php?rest_route=\/wp\/v2\/media\/22648"}],"wp:attachment":[{"href":"https:\/\/uplandschule.de\/index.php?rest_route=%2Fwp%2Fv2%2Fmedia&parent=22647"}],"wp:term":[{"taxonomy":"category","embeddable":true,"href":"https:\/\/uplandschule.de\/index.php?rest_route=%2Fwp%2Fv2%2Fcategories&post=22647"},{"taxonomy":"post_tag","embeddable":true,"href":"https:\/\/uplandschule.de\/index.php?rest_route=%2Fwp%2Fv2%2Ftags&post=22647"}],"curies":[{"name":"wp","href":"https:\/\/api.w.org\/{rel}","templated":true}]}}