{"id":22415,"date":"2023-08-02T00:00:00","date_gmt":"2023-08-01T22:00:00","guid":{"rendered":"https:\/\/uplandschule.de\/?p=22415"},"modified":"2023-07-20T11:32:38","modified_gmt":"2023-07-20T09:32:38","slug":"vortrag-eberhard-freitag","status":"publish","type":"post","link":"https:\/\/uplandschule.de\/?p=22415","title":{"rendered":"Vortrag Eberhard Freitag"},"content":{"rendered":"\n<h3><em>Digitale Welten<\/em><\/h3>\n\n\n\n<figure class=\"wp-block-image size-large\"><img loading=\"lazy\" decoding=\"async\" width=\"1024\" height=\"473\" src=\"https:\/\/uplandschule.de\/wp-content\/uploads\/2023\/07\/IMG_9890-1024x473.png\" alt=\"\" class=\"wp-image-22416\" srcset=\"https:\/\/uplandschule.de\/wp-content\/uploads\/2023\/07\/IMG_9890-1024x473.png 1024w, https:\/\/uplandschule.de\/wp-content\/uploads\/2023\/07\/IMG_9890-300x139.png 300w, https:\/\/uplandschule.de\/wp-content\/uploads\/2023\/07\/IMG_9890-150x69.png 150w, https:\/\/uplandschule.de\/wp-content\/uploads\/2023\/07\/IMG_9890-768x355.png 768w, https:\/\/uplandschule.de\/wp-content\/uploads\/2023\/07\/IMG_9890-1536x710.png 1536w, https:\/\/uplandschule.de\/wp-content\/uploads\/2023\/07\/IMG_9890.png 1792w\" sizes=\"auto, (max-width: 1024px) 100vw, 1024px\" \/><\/figure>\n\n\n\n<p>Womit besch\u00e4ftigen sich die Kinder und Jugendlichen eigentlich in der digitalen Welt? Wie sollten Eltern den Umgang ihrer Kinder mit den digitalen Medien altersgerecht gestalten und welche Auswirkungen kann ein unkontrollierter Medienkonsum auf den schulischen Erfolg haben? Auf diese Fragen hat Eberhard Freitag, Diplom-P\u00e4dagoge von der Fachstelle Mediensucht in Hannover, an der Uplandschule Willingen Antworten gegeben. In seinem Vortrag zum Thema \u201eProbleme und Risiken f\u00fcr Kinder und Jugendliche bei Nutzung digitaler Medien\u201c riet der Experte den Eltern, den Medienkonsum ihres Nachwuchses genau zu beobachten und sowohl Kindersicherung als auch ein Zeitlimit pro Tag auf den genutzten Ger\u00e4ten zu installieren. \u00dcber Nacht sollten Smartphone und Tablet an einem f\u00fcr die Kinder und Jugendlichen unbekannten Ort gelagert werden, damit diese gar nicht erst in Versuchung kommen k\u00f6nnen, vereinbarte Regeln zu umgehen.<\/p>\n","protected":false},"excerpt":{"rendered":"<p>Digitale Welten Womit besch\u00e4ftigen sich die Kinder und Jugendlichen eigentlich in der digitalen Welt? Wie sollten Eltern den Umgang ihrer Kinder mit den digitalen Medien altersgerecht gestalten und welche Auswirkungen kann ein unkontrollierter Medienkonsum auf den schulischen Erfolg haben? Auf diese Fragen hat Eberhard Freitag, Diplom-P\u00e4dagoge von der Fachstelle Mediensucht [&hellip;]<\/p>\n","protected":false},"author":15,"featured_media":22416,"comment_status":"closed","ping_status":"open","sticky":false,"template":"","format":"standard","meta":{"footnotes":""},"categories":[16,39,18],"tags":[],"class_list":["post-22415","post","type-post","status-publish","format-standard","has-post-thumbnail","hentry","category-schul-informationen","category-schulleben","category-schulveranstaltungen"],"_links":{"self":[{"href":"https:\/\/uplandschule.de\/index.php?rest_route=\/wp\/v2\/posts\/22415","targetHints":{"allow":["GET"]}}],"collection":[{"href":"https:\/\/uplandschule.de\/index.php?rest_route=\/wp\/v2\/posts"}],"about":[{"href":"https:\/\/uplandschule.de\/index.php?rest_route=\/wp\/v2\/types\/post"}],"author":[{"embeddable":true,"href":"https:\/\/uplandschule.de\/index.php?rest_route=\/wp\/v2\/users\/15"}],"replies":[{"embeddable":true,"href":"https:\/\/uplandschule.de\/index.php?rest_route=%2Fwp%2Fv2%2Fcomments&post=22415"}],"version-history":[{"count":1,"href":"https:\/\/uplandschule.de\/index.php?rest_route=\/wp\/v2\/posts\/22415\/revisions"}],"predecessor-version":[{"id":22417,"href":"https:\/\/uplandschule.de\/index.php?rest_route=\/wp\/v2\/posts\/22415\/revisions\/22417"}],"wp:featuredmedia":[{"embeddable":true,"href":"https:\/\/uplandschule.de\/index.php?rest_route=\/wp\/v2\/media\/22416"}],"wp:attachment":[{"href":"https:\/\/uplandschule.de\/index.php?rest_route=%2Fwp%2Fv2%2Fmedia&parent=22415"}],"wp:term":[{"taxonomy":"category","embeddable":true,"href":"https:\/\/uplandschule.de\/index.php?rest_route=%2Fwp%2Fv2%2Fcategories&post=22415"},{"taxonomy":"post_tag","embeddable":true,"href":"https:\/\/uplandschule.de\/index.php?rest_route=%2Fwp%2Fv2%2Ftags&post=22415"}],"curies":[{"name":"wp","href":"https:\/\/api.w.org\/{rel}","templated":true}]}}