{"id":22337,"date":"2023-07-14T00:00:00","date_gmt":"2023-07-13T22:00:00","guid":{"rendered":"https:\/\/uplandschule.de\/?p=22337"},"modified":"2023-07-10T13:02:06","modified_gmt":"2023-07-10T11:02:06","slug":"besuch-der-gedenkstaette-buchenwald","status":"publish","type":"post","link":"https:\/\/uplandschule.de\/?p=22337","title":{"rendered":"Besuch der Gedenkst\u00e4tte Buchenwald"},"content":{"rendered":"\n<p style=\"text-align: justify;\"><img loading=\"lazy\" decoding=\"async\" src=\"https:\/\/uplandschule.de\/wp-content\/uploads\/2023\/07\/IMG_5802-300x225.jpg\" alt=\"\" width=\"300\" height=\"225\" class=\"size-medium wp-image-22339 alignleft\" srcset=\"https:\/\/uplandschule.de\/wp-content\/uploads\/2023\/07\/IMG_5802-300x225.jpg 300w, https:\/\/uplandschule.de\/wp-content\/uploads\/2023\/07\/IMG_5802-150x113.jpg 150w, https:\/\/uplandschule.de\/wp-content\/uploads\/2023\/07\/IMG_5802.jpg 500w\" sizes=\"auto, (max-width: 300px) 100vw, 300px\" \/>Am 22. Juni besuchten die Klassen G10a, G10b, R10a, R10b und H9 im Rahmen des Religions- und Geschichtsunterrichtes die Gedenkst\u00e4tte des ehemaligen Konzentrationslagers Buchenwald (bei Weimar). In Begleitung von Frau Breyer, Frau Englberger, Herrn R\u00f6hling, Herrn Wenig und der Fremdsprachenassistentin Jenna Lewaren fuhren die f\u00fcnf Klassen um 6 Uhr morgens mit dem Reisebus nach Th\u00fcringen.<br \/>Um ca. 10:20 Uhr war die Ankunft in der Gedenkst\u00e4tte, wo die Sch\u00fclerinnen und Sch\u00fcler in vier Gruppen aufgeteilt und von professionellen Guides \u00fcber das Gel\u00e4nde gef\u00fchrt wurden. Die Guides informierten die Gruppen \u00fcber verschiedene Themen, wobei der Alltag und das Leid der H\u00e4ftlinge im Konzentrationslager im Mittelpunkt standen. <br \/>Die Sch\u00fcler und Sch\u00fclerinnen erfuhren, dass nicht nur Juden deportiert worden waren, sondern auch politische Gegner des nationalsozialistischen Regimes, Homosexuelle und sogenannte &#8222;Asoziale&#8220;. Es war den Guides vor allem wichtig zu vermitteln, dass kein einziger H\u00e4ftling zu Recht in einem Konzentrationslager gewesen ist. Die Menschen waren willk\u00fcrlich verhaftet worden.<img loading=\"lazy\" decoding=\"async\" src=\"https:\/\/uplandschule.de\/wp-content\/uploads\/2023\/07\/1e834ed4-c41a-4683-9823-0396b4f7272c-300x225.jpg\" alt=\"\" width=\"300\" height=\"225\" class=\"size-medium wp-image-22340 alignright\" srcset=\"https:\/\/uplandschule.de\/wp-content\/uploads\/2023\/07\/1e834ed4-c41a-4683-9823-0396b4f7272c-300x225.jpg 300w, https:\/\/uplandschule.de\/wp-content\/uploads\/2023\/07\/1e834ed4-c41a-4683-9823-0396b4f7272c-150x113.jpg 150w, https:\/\/uplandschule.de\/wp-content\/uploads\/2023\/07\/1e834ed4-c41a-4683-9823-0396b4f7272c.jpg 500w\" sizes=\"auto, (max-width: 300px) 100vw, 300px\" \/><br \/>Die in Buchenwald herrschenden Bedingungen wurden den Sch\u00fclern durch die Besichtigung des Krematoriums vor Augen gef\u00fchrt. Dort waren die Leichen der H\u00e4ftlinge unter unw\u00fcrdigen Verh\u00e4ltnissen verbrannt worden. Auch das Einzelhaftgef\u00e4ngnis, wo die Menschen von der SS misshandelt worden waren, zeugt von unmenschlicher Brutalit\u00e4t und Grausamkeit, die man sich kaum vorstellen kann. <br \/>Au\u00dferdem befand sich unmittelbar vor dem Lagerzaun ein Streichelzoo als Freizeitbesch\u00e4ftigung f\u00fcr die SS-M\u00e4nner und deren Familien. Dass das &#8222;normale Leben&#8220; vor dem Zaum weiter ging, sollte es den Menschen hinter dem Zaun nur noch schwerer machen. Doch die H\u00e4ftlinge hatten ihre eigene Art zu zeigen, dass die Nationalsozialisten sie nicht all ihrer Menschlichkeit berauben konnten. Sie zeichneten, schnitzten und sangen miteinander. Besonders bewegend war es, als ein Guide Bilder zeigte, die H\u00e4ftlinge w\u00e4hrend ihres Aufenthaltes im Lager gezeichnet hatten.<br \/>Nach dem Mittagessen in der Mensa der Gedenkst\u00e4tte bot sich den Sch\u00fclerinnen und Sch\u00fclern die Gelegenheit, sich in Begleitung der Guides das Gauforum in Weimar anzuschauen. Dies ist ein riesiger Geb\u00e4udekomplex, den die Nationalsozialisten vor dem <br \/>2. Weltkrieg hatten bauen lassen.<br \/>Anschlie\u00dfend fuhr um 16:30 Uhr der Bus zur\u00fcck nach Willingen ab. <br \/>Der Besuch der Gedenkst\u00e4tte Buchenwald war eine bereichernde und einpr\u00e4gsame Erfahrung, die den Sch\u00fclerinnen und Sch\u00fclern bestimmt im Ged\u00e4chtnis bleiben wird.<br \/>(Hannah K\u00f6chling, G10b)<\/p>\n","protected":false},"excerpt":{"rendered":"<p>Am 22. Juni besuchten die Klassen G10a, G10b, R10a, R10b und H9 im Rahmen des Religions- und Geschichtsunterrichtes die Gedenkst\u00e4tte des ehemaligen Konzentrationslagers Buchenwald (bei Weimar). In Begleitung von Frau Breyer, Frau Englberger, Herrn R\u00f6hling, Herrn Wenig und der Fremdsprachenassistentin Jenna Lewaren fuhren die f\u00fcnf Klassen um 6 Uhr morgens [&hellip;]<\/p>\n","protected":false},"author":15,"featured_media":22339,"comment_status":"closed","ping_status":"open","sticky":false,"template":"","format":"standard","meta":{"footnotes":""},"categories":[35,18],"tags":[],"class_list":["post-22337","post","type-post","status-publish","format-standard","has-post-thumbnail","hentry","category-geschichte","category-schulveranstaltungen"],"_links":{"self":[{"href":"https:\/\/uplandschule.de\/index.php?rest_route=\/wp\/v2\/posts\/22337","targetHints":{"allow":["GET"]}}],"collection":[{"href":"https:\/\/uplandschule.de\/index.php?rest_route=\/wp\/v2\/posts"}],"about":[{"href":"https:\/\/uplandschule.de\/index.php?rest_route=\/wp\/v2\/types\/post"}],"author":[{"embeddable":true,"href":"https:\/\/uplandschule.de\/index.php?rest_route=\/wp\/v2\/users\/15"}],"replies":[{"embeddable":true,"href":"https:\/\/uplandschule.de\/index.php?rest_route=%2Fwp%2Fv2%2Fcomments&post=22337"}],"version-history":[{"count":1,"href":"https:\/\/uplandschule.de\/index.php?rest_route=\/wp\/v2\/posts\/22337\/revisions"}],"predecessor-version":[{"id":22341,"href":"https:\/\/uplandschule.de\/index.php?rest_route=\/wp\/v2\/posts\/22337\/revisions\/22341"}],"wp:featuredmedia":[{"embeddable":true,"href":"https:\/\/uplandschule.de\/index.php?rest_route=\/wp\/v2\/media\/22339"}],"wp:attachment":[{"href":"https:\/\/uplandschule.de\/index.php?rest_route=%2Fwp%2Fv2%2Fmedia&parent=22337"}],"wp:term":[{"taxonomy":"category","embeddable":true,"href":"https:\/\/uplandschule.de\/index.php?rest_route=%2Fwp%2Fv2%2Fcategories&post=22337"},{"taxonomy":"post_tag","embeddable":true,"href":"https:\/\/uplandschule.de\/index.php?rest_route=%2Fwp%2Fv2%2Ftags&post=22337"}],"curies":[{"name":"wp","href":"https:\/\/api.w.org\/{rel}","templated":true}]}}