{"id":22166,"date":"2023-06-21T10:32:23","date_gmt":"2023-06-21T08:32:23","guid":{"rendered":"https:\/\/uplandschule.de\/?p=22166"},"modified":"2023-06-21T10:32:23","modified_gmt":"2023-06-21T08:32:23","slug":"die-anne-frank-ausstellung-an-der-uplandschule","status":"publish","type":"post","link":"https:\/\/uplandschule.de\/?p=22166","title":{"rendered":"Die Anne-Frank-Ausstellung an der Uplandschule"},"content":{"rendered":"\n<figure class=\"wp-block-image size-large\"><img loading=\"lazy\" decoding=\"async\" width=\"1024\" height=\"768\" src=\"https:\/\/uplandschule.de\/wp-content\/uploads\/2023\/06\/IMG_20230612_090933-1024x768.jpg\" alt=\"\" class=\"wp-image-22167\" srcset=\"https:\/\/uplandschule.de\/wp-content\/uploads\/2023\/06\/IMG_20230612_090933-1024x768.jpg 1024w, https:\/\/uplandschule.de\/wp-content\/uploads\/2023\/06\/IMG_20230612_090933-300x225.jpg 300w, https:\/\/uplandschule.de\/wp-content\/uploads\/2023\/06\/IMG_20230612_090933-150x113.jpg 150w, https:\/\/uplandschule.de\/wp-content\/uploads\/2023\/06\/IMG_20230612_090933-768x576.jpg 768w, https:\/\/uplandschule.de\/wp-content\/uploads\/2023\/06\/IMG_20230612_090933-1536x1152.jpg 1536w, https:\/\/uplandschule.de\/wp-content\/uploads\/2023\/06\/IMG_20230612_090933-2048x1536.jpg 2048w\" sizes=\"auto, (max-width: 1024px) 100vw, 1024px\" \/><\/figure>\n\n\n\n\n\n<p style=\"text-align: justify;\">Immer am 12. Juni ist \u201eAnne-Frank-Tag\u201c. An diesem Tag wurde das ber\u00fchmte j\u00fcdische M\u00e4dchen 1929 in Frankfurt am Main geboren. Zu ihrem 13. Geburtstag erhielt sie ein Tagebuch, das sie sp\u00e4ter weltweit bekannt machen sollte.<\/p>\n<p style=\"text-align: justify;\">Das Anne-Frank-Zentrum in Frankfurt gibt jedes Jahr eine Anne-Frank-Zeitung nebst weiteren Materialien heraus und stellt teilnehmenden Schulen eine Ausstellung zur Verf\u00fcgung, dieses Mal mit dem thematischen Schwerpunkt \u201eIdeale\u201c.<\/p>\n<p style=\"text-align: justify;\">Die Uplandschule als \u201eSchule ohne Rassismus \u2013 Schule mit Courage\u201c nimmt regelm\u00e4\u00dfig am Anne-Frank-Tag teil, in den letzten Jahren wurde die Ausstellung von einer Projektgruppe zum Sommerfest der Schule gezeigt.<\/p>\n<p style=\"text-align: justify;\">Dieses Jahr haben v.a. die Klassen G8a und b im Rahmen des Deutschunterrichts unter Leitung von Frau Wilke und Frau Dr. Pfalzgraf mit der Anne-Frank-Zeitung gearbeitet und die Ausstellung aufgebaut. Sie ist im Aufenthaltsbereich im 1. Stock des Geb\u00e4udes A noch bis zum 23. Juni zu sehen.<\/p>\n\n\n\n<figure class=\"wp-block-gallery has-nested-images columns-default is-cropped wp-block-gallery-1 is-layout-flex wp-block-gallery-is-layout-flex\">\n<figure class=\"wp-block-image size-large\"><img loading=\"lazy\" decoding=\"async\" width=\"500\" height=\"667\" data-id=\"22168\" src=\"https:\/\/uplandschule.de\/wp-content\/uploads\/2023\/06\/IMG_20230612_085823.jpg\" alt=\"\" class=\"wp-image-22168\" srcset=\"https:\/\/uplandschule.de\/wp-content\/uploads\/2023\/06\/IMG_20230612_085823.jpg 500w, https:\/\/uplandschule.de\/wp-content\/uploads\/2023\/06\/IMG_20230612_085823-225x300.jpg 225w, https:\/\/uplandschule.de\/wp-content\/uploads\/2023\/06\/IMG_20230612_085823-112x150.jpg 112w\" sizes=\"auto, (max-width: 500px) 100vw, 500px\" \/><\/figure>\n\n\n\n<figure class=\"wp-block-image size-large\"><img loading=\"lazy\" decoding=\"async\" width=\"500\" height=\"667\" data-id=\"22169\" src=\"https:\/\/uplandschule.de\/wp-content\/uploads\/2023\/06\/IMG_20230612_085837.jpg\" alt=\"\" class=\"wp-image-22169\" srcset=\"https:\/\/uplandschule.de\/wp-content\/uploads\/2023\/06\/IMG_20230612_085837.jpg 500w, https:\/\/uplandschule.de\/wp-content\/uploads\/2023\/06\/IMG_20230612_085837-225x300.jpg 225w, https:\/\/uplandschule.de\/wp-content\/uploads\/2023\/06\/IMG_20230612_085837-112x150.jpg 112w\" sizes=\"auto, (max-width: 500px) 100vw, 500px\" \/><\/figure>\n\n\n\n<figure class=\"wp-block-image size-large\"><img loading=\"lazy\" decoding=\"async\" width=\"500\" height=\"667\" data-id=\"22170\" src=\"https:\/\/uplandschule.de\/wp-content\/uploads\/2023\/06\/IMG_20230612_085855.jpg\" alt=\"\" class=\"wp-image-22170\" srcset=\"https:\/\/uplandschule.de\/wp-content\/uploads\/2023\/06\/IMG_20230612_085855.jpg 500w, https:\/\/uplandschule.de\/wp-content\/uploads\/2023\/06\/IMG_20230612_085855-225x300.jpg 225w, https:\/\/uplandschule.de\/wp-content\/uploads\/2023\/06\/IMG_20230612_085855-112x150.jpg 112w\" sizes=\"auto, (max-width: 500px) 100vw, 500px\" \/><\/figure>\n\n\n\n<figure class=\"wp-block-image size-large\"><img loading=\"lazy\" decoding=\"async\" width=\"500\" height=\"667\" data-id=\"22171\" src=\"https:\/\/uplandschule.de\/wp-content\/uploads\/2023\/06\/IMG_20230612_085919.jpg\" alt=\"\" class=\"wp-image-22171\" srcset=\"https:\/\/uplandschule.de\/wp-content\/uploads\/2023\/06\/IMG_20230612_085919.jpg 500w, https:\/\/uplandschule.de\/wp-content\/uploads\/2023\/06\/IMG_20230612_085919-225x300.jpg 225w, https:\/\/uplandschule.de\/wp-content\/uploads\/2023\/06\/IMG_20230612_085919-112x150.jpg 112w\" sizes=\"auto, (max-width: 500px) 100vw, 500px\" \/><\/figure>\n<\/figure>\n","protected":false},"excerpt":{"rendered":"<p>Immer am 12. Juni ist \u201eAnne-Frank-Tag\u201c. An diesem Tag wurde das ber\u00fchmte j\u00fcdische M\u00e4dchen 1929 in Frankfurt am Main geboren. Zu ihrem 13. Geburtstag erhielt sie ein Tagebuch, das sie sp\u00e4ter weltweit bekannt machen sollte. Das Anne-Frank-Zentrum in Frankfurt gibt jedes Jahr eine Anne-Frank-Zeitung nebst weiteren Materialien heraus und stellt [&hellip;]<\/p>\n","protected":false},"author":15,"featured_media":22167,"comment_status":"closed","ping_status":"open","sticky":false,"template":"","format":"standard","meta":{"footnotes":""},"categories":[35,39],"tags":[],"class_list":["post-22166","post","type-post","status-publish","format-standard","has-post-thumbnail","hentry","category-geschichte","category-schulleben"],"_links":{"self":[{"href":"https:\/\/uplandschule.de\/index.php?rest_route=\/wp\/v2\/posts\/22166","targetHints":{"allow":["GET"]}}],"collection":[{"href":"https:\/\/uplandschule.de\/index.php?rest_route=\/wp\/v2\/posts"}],"about":[{"href":"https:\/\/uplandschule.de\/index.php?rest_route=\/wp\/v2\/types\/post"}],"author":[{"embeddable":true,"href":"https:\/\/uplandschule.de\/index.php?rest_route=\/wp\/v2\/users\/15"}],"replies":[{"embeddable":true,"href":"https:\/\/uplandschule.de\/index.php?rest_route=%2Fwp%2Fv2%2Fcomments&post=22166"}],"version-history":[{"count":1,"href":"https:\/\/uplandschule.de\/index.php?rest_route=\/wp\/v2\/posts\/22166\/revisions"}],"predecessor-version":[{"id":22172,"href":"https:\/\/uplandschule.de\/index.php?rest_route=\/wp\/v2\/posts\/22166\/revisions\/22172"}],"wp:featuredmedia":[{"embeddable":true,"href":"https:\/\/uplandschule.de\/index.php?rest_route=\/wp\/v2\/media\/22167"}],"wp:attachment":[{"href":"https:\/\/uplandschule.de\/index.php?rest_route=%2Fwp%2Fv2%2Fmedia&parent=22166"}],"wp:term":[{"taxonomy":"category","embeddable":true,"href":"https:\/\/uplandschule.de\/index.php?rest_route=%2Fwp%2Fv2%2Fcategories&post=22166"},{"taxonomy":"post_tag","embeddable":true,"href":"https:\/\/uplandschule.de\/index.php?rest_route=%2Fwp%2Fv2%2Ftags&post=22166"}],"curies":[{"name":"wp","href":"https:\/\/api.w.org\/{rel}","templated":true}]}}