{"id":21793,"date":"2023-04-10T00:00:00","date_gmt":"2023-04-09T22:00:00","guid":{"rendered":"https:\/\/uplandschule.de\/?p=21793"},"modified":"2023-04-05T13:49:22","modified_gmt":"2023-04-05T11:49:22","slug":"franzoesischaustausch-2023","status":"publish","type":"post","link":"https:\/\/uplandschule.de\/?p=21793","title":{"rendered":"Franz\u00f6sischaustausch 2023"},"content":{"rendered":"\n\n\n<figure class=\"wp-block-image size-full\"><img loading=\"lazy\" decoding=\"async\" width=\"1024\" height=\"768\" src=\"https:\/\/uplandschule.de\/wp-content\/uploads\/2023\/04\/IMG-20230405-WA0002.jpg\" alt=\"\" class=\"wp-image-21794\" srcset=\"https:\/\/uplandschule.de\/wp-content\/uploads\/2023\/04\/IMG-20230405-WA0002.jpg 1024w, https:\/\/uplandschule.de\/wp-content\/uploads\/2023\/04\/IMG-20230405-WA0002-300x225.jpg 300w, https:\/\/uplandschule.de\/wp-content\/uploads\/2023\/04\/IMG-20230405-WA0002-150x113.jpg 150w, https:\/\/uplandschule.de\/wp-content\/uploads\/2023\/04\/IMG-20230405-WA0002-768x576.jpg 768w\" sizes=\"auto, (max-width: 1024px) 100vw, 1024px\" \/><\/figure>\n\n\n\n<p style=\"text-align: justify;\">Dieses Jahr konnte nach der Corona Pandemie endlich wieder der Franz\u00f6sischaustausch mit dem Coll\u00e8ge Jean Emond, der Partnerschule aus Vend\u00f4me, stattfinden. Bevor die Sch\u00fcler aus Frankreich eingetroffen sind, wurden die 20 Sch\u00fcler aus Deutschland erstmal ihren Austauschpartnern zugeordnet. Dazu wurden sowohl an der Schule in Vend\u00f4me, als auch an der Uplandschule in Willingen, Steckbriefe zum Ausf\u00fcllen ausgeteilt. Daraufhin setzten sich die Franz\u00f6sisch Lehrkraft zusammen und ordneten die Sch\u00fcler ihren Austauschsch\u00fclern zu. Dann konnten auch schon die ersten Kontaktaufnahmen per Brief starten. Nur kurze Zeit sp\u00e4ter kamen auch Briefe aus Frankreich zur\u00fcck. Anschlie\u00dfend wurde der Kontakt \u00fcbers Handy gehalten. Auch gab es immer mal wieder Treffen zum Planen der Aktivit\u00e4ten, die bevorstehen, wenn die Franzosen in Willingen eintreffen.<\/p>\n<p style=\"text-align: justify;\">Am 09.03. war es dann endlich soweit und die Franzosen kamen am sp\u00e4ten Abend an der Uplandschule an. Durch vorher gebastelte Namensschilder wusste jeder, wohin er geh\u00f6rt und die Sch\u00fcler sind zu ihrem Partner nach Hause gefahren, wo ihnen dann alles gezeigt wurde. Am n\u00e4chsten Morgen ging das Programm sofort los: Die Franzosen bekamen einen Einblick in den Schulalltag an einer deutschen Schule. Nach der Schule gab es eine Wanderung zum Ettelsberg. Die insgesamt 41 Sch\u00fcler fuhren mit der Seilbahn hoch zum Hochheideturm, von dem sie die tolle Aussicht auf Willingen bewundern konnten. Danach wurde durch den Regen zur Schanze gewandert, an der es im Anschluss noch ein kleiner Vortrag mit Informationen zur M\u00fchlenkopfschanze gab. Das Wochenende wurde unter der Familie verbracht. Einige haben Gruppengemeinschaften gebildet und unterschiedliche Aktivit\u00e4ten, wie Bowling, Schlittschuhlaufen, Minigolfen oder Skifahren unternommen. Am Montag gab es einen Tag unter den Franzosen. W\u00e4hrend sie an einem Bierexperiment im Chemieraum teilnahmen und die Brauerei, wie auch das Schloss in Arolsen besuchten, hatten die Deutschen nochmal Unterricht. Am n\u00e4chsten Tag aber waren die Deutschen wieder mit dabei und es ging nach Kassel zum Herkules, wo es eine Krimiwanderung und eine tolle Aussicht auf Kassel, trotz schlechtem Wetter, gab. Danach ging es noch in die Grimmwelt, wo unteranderem ein Workshop angeboten wurde. Dort konnte man mit Feder und Tinte einen Brief schreiben, was gar nicht so leicht war. Anschlie\u00dfend gab es noch eine F\u00fchrung durch das Gebr\u00fcder Grimm Museum. An dem letzten Tag ging die Fahrt nach Paderborn. Die Sch\u00fcler wurden in zwei Gruppen aufgeteilt. Die erste Gruppe ging zu Beginn in das Heinz-Nixdorf-Museum, indem es eine franz\u00f6sische und eine deutsche F\u00fchrung gab. Anschlie\u00dfend ging es zum Squash. Die zweite Gruppe hatte zuerst ein Teambuilding und dann eine F\u00fchrung durchs Museum. Nach den sportlichen Aktivit\u00e4ten und dem spannenden Besuch im Museum, fuhren die Sch\u00fcler in die Stadt, sahen sich den Dom an, und gingen shoppen. Dann war der Tag der Abreise auch schon gekommen und die Franzosen fuhren gegen neun Uhr, nach dem Abschied, wieder ab. Ende Mai wird es einen Gegenbesuch in Frankreich geben.<\/p>\n<p>von Annika Hiddemann<\/p>\n","protected":false},"excerpt":{"rendered":"<p>Dieses Jahr konnte nach der Corona Pandemie endlich wieder der Franz\u00f6sischaustausch mit dem Coll\u00e8ge Jean Emond, der Partnerschule aus Vend\u00f4me, stattfinden. Bevor die Sch\u00fcler aus Frankreich eingetroffen sind, wurden die 20 Sch\u00fcler aus Deutschland erstmal ihren Austauschpartnern zugeordnet. Dazu wurden sowohl an der Schule in Vend\u00f4me, als auch an der [&hellip;]<\/p>\n","protected":false},"author":15,"featured_media":21794,"comment_status":"closed","ping_status":"open","sticky":false,"template":"","format":"standard","meta":{"footnotes":""},"categories":[36,39,18],"tags":[],"class_list":["post-21793","post","type-post","status-publish","format-standard","has-post-thumbnail","hentry","category-franzoesisch","category-schulleben","category-schulveranstaltungen"],"_links":{"self":[{"href":"https:\/\/uplandschule.de\/index.php?rest_route=\/wp\/v2\/posts\/21793","targetHints":{"allow":["GET"]}}],"collection":[{"href":"https:\/\/uplandschule.de\/index.php?rest_route=\/wp\/v2\/posts"}],"about":[{"href":"https:\/\/uplandschule.de\/index.php?rest_route=\/wp\/v2\/types\/post"}],"author":[{"embeddable":true,"href":"https:\/\/uplandschule.de\/index.php?rest_route=\/wp\/v2\/users\/15"}],"replies":[{"embeddable":true,"href":"https:\/\/uplandschule.de\/index.php?rest_route=%2Fwp%2Fv2%2Fcomments&post=21793"}],"version-history":[{"count":1,"href":"https:\/\/uplandschule.de\/index.php?rest_route=\/wp\/v2\/posts\/21793\/revisions"}],"predecessor-version":[{"id":21795,"href":"https:\/\/uplandschule.de\/index.php?rest_route=\/wp\/v2\/posts\/21793\/revisions\/21795"}],"wp:featuredmedia":[{"embeddable":true,"href":"https:\/\/uplandschule.de\/index.php?rest_route=\/wp\/v2\/media\/21794"}],"wp:attachment":[{"href":"https:\/\/uplandschule.de\/index.php?rest_route=%2Fwp%2Fv2%2Fmedia&parent=21793"}],"wp:term":[{"taxonomy":"category","embeddable":true,"href":"https:\/\/uplandschule.de\/index.php?rest_route=%2Fwp%2Fv2%2Fcategories&post=21793"},{"taxonomy":"post_tag","embeddable":true,"href":"https:\/\/uplandschule.de\/index.php?rest_route=%2Fwp%2Fv2%2Ftags&post=21793"}],"curies":[{"name":"wp","href":"https:\/\/api.w.org\/{rel}","templated":true}]}}