{"id":21696,"date":"2023-03-25T00:00:00","date_gmt":"2023-03-24T23:00:00","guid":{"rendered":"https:\/\/uplandschule.de\/?p=21696"},"modified":"2023-03-18T22:25:20","modified_gmt":"2023-03-18T21:25:20","slug":"gaeste-aus-frankreich-2","status":"publish","type":"post","link":"https:\/\/uplandschule.de\/?p=21696","title":{"rendered":"G\u00e4ste aus Frankreich"},"content":{"rendered":"\n<h2><em>Austauschsch\u00fcler in Willingen und Bad Arolsen empfangen<\/em><\/h2>\n\n\n\n<figure class=\"wp-block-image size-full\"><img loading=\"lazy\" decoding=\"async\" width=\"700\" height=\"317\" src=\"https:\/\/uplandschule.de\/wp-content\/uploads\/2023\/03\/2023_03_11-Frankreichaustausch.jpg\" alt=\"\" class=\"wp-image-21697\" srcset=\"https:\/\/uplandschule.de\/wp-content\/uploads\/2023\/03\/2023_03_11-Frankreichaustausch.jpg 700w, https:\/\/uplandschule.de\/wp-content\/uploads\/2023\/03\/2023_03_11-Frankreichaustausch-300x136.jpg 300w, https:\/\/uplandschule.de\/wp-content\/uploads\/2023\/03\/2023_03_11-Frankreichaustausch-150x68.jpg 150w\" sizes=\"auto, (max-width: 700px) 100vw, 700px\" \/><\/figure>\n\n\n\n<p style=\"text-align: justify;\">WLZ, 11.03.2023: Willingen\/Bad Arolsen \u2013 Nach langer Pandemie-Pause laufen Sch\u00fcleraustausch-Projekte wieder an: An der Uplandschule in Willingen und der Christian-Rauch-Schule in Bad Arolsen sind gestern 50 Sch\u00fcler aus dem Coll\u00e8ge Jean Emond begr\u00fc\u00dft worden \u2013 die Schulen aus Vend\u00f4me in Zentralfrankreich und dem Upland pflegen eine langj\u00e4hrige Partnerschaft, die Nordwal-decker kamen 2018 hinzu.<br \/>Die Motivation, an einem Sch\u00fcleraustausch mitzumachen, ist in beiden L\u00e4ndern \u00e4hnlich, machen G\u00e4ste und ihre Willinger Partnersch\u00fclerinnen deutlich: Sofia spricht vom Interesse an der deutschen Sprache, auch Malo\u00e9 sagt, dass der Unterricht ihr schon in der Grundschule gefiel. Darauf, eine andere Kultur kennenzulernen, ist Ta\u00efse gespannt \u2013 kulinarisch machte sie mit deutschen Eintopf schon neue Erfahrungen. Hannah von der Uplandschule unterstreicht das Interesse an der Sprache, Mia freut sich, mit G\u00e4sten etwas zu unternehmen, und Annika sagt zum Sch\u00fcleraustausch: \u201eDas ist eine einmalige Chance.\u201c<br \/>Im Vorfeld lernen die Sch\u00fcler sich zuerst \u00fcber Briefe kennen, erkl\u00e4rt Maria M\u00fcller-Muth von der CRS-Franz\u00f6sisch-Fachschaft, die den Austausch gemeinsam betreut. In Willingen sind Seija Kesper und Irina Rudolph zust\u00e4ndig. Dabei sind die achten und neunten Klassen sowie Sch\u00fcler, denen coronabedingt kein Austausch-Angebot gemacht werden konnte. Umso mehr freuten sich Schulleiterin Barbara Pavlu und ihr Arolser Gegenst\u00fcck Markus Wagener, die G\u00e4ste zu begr\u00fc\u00dfen \u2013 letzterer trotz nur kurzer Zeit mit dem Fach durchg\u00e4ngig auf Franz\u00f6sisch.<br \/>Nachdem die G\u00e4ste am ersten Schultag im Unterricht hospitiert haben, erkunden sie ihre jeweiligen Orte: Bei einer Stadtrallye in Bad Arolsen und einer Wanderung zu Ettelsberg-Seilbahn, Hochheideturm und M\u00fchlenkopfschanze in Willingen \u2013 Ta\u00efse zeigt sich gespannt, das kenne sie aus Frankreich noch nicht. Die Wochenenden verbringen die Besucher mit den Gastfamilien \u2013 Hannah erwartet ein interessantes Kennenlernen, da nicht jeder Franz\u00f6sisch spricht.<br \/>Am Montag besuchen die Gruppen sich gegenseitig: So kriegen auch die G\u00e4ste im Upland das Arolser Schloss zu sehen, und die in der Residenz-Stadt die Brauerei in Willingen. Ausfl\u00fcge, die auch f\u00fcr die Waldecker Sch\u00fcler etwas Besonderes sind, stehen am Dienstag und Mittwoch an: Es geht nach Kassel zu Herkules und Grimmwelt, eine Krimiwanderung und Aufgaben in der \u201efunXperience\u201c stehen je nach Gruppe an. In Paderborn wird unter anderem das Heinz-Nixdorf-Museum besucht, das weltgr\u00f6\u00dfte Computermuseum. Donnerstag reisen die Franzosen zur\u00fcck.<br \/>Der R\u00fcckbesuch findet dann in Mai und Juni statt, k\u00fcndigt Maria M\u00fcller-Mutz an: In Vend\u00f4me wird ebenfalls an Alltag und Unterricht teilgenommen, au\u00dferdem gehe es nach Tours, Montoire und Chambord. Ein gro\u00dfe Bowlingabend mit allen 100 beteiligten Sch\u00fclern schlie\u00dfe das Projekt ab: \u201eDie Kontakte bleiben hoffentlich noch ein bisschen bestehen.\u201c \u2003wf\/red<\/p>\n","protected":false},"excerpt":{"rendered":"<p>Austauschsch\u00fcler in Willingen und Bad Arolsen empfangen WLZ, 11.03.2023: Willingen\/Bad Arolsen \u2013 Nach langer Pandemie-Pause laufen Sch\u00fcleraustausch-Projekte wieder an: An der Uplandschule in Willingen und der Christian-Rauch-Schule in Bad Arolsen sind gestern 50 Sch\u00fcler aus dem Coll\u00e8ge Jean Emond begr\u00fc\u00dft worden \u2013 die Schulen aus Vend\u00f4me in Zentralfrankreich und dem [&hellip;]<\/p>\n","protected":false},"author":15,"featured_media":21697,"comment_status":"closed","ping_status":"open","sticky":false,"template":"","format":"standard","meta":{"footnotes":""},"categories":[36,18],"tags":[],"class_list":["post-21696","post","type-post","status-publish","format-standard","has-post-thumbnail","hentry","category-franzoesisch","category-schulveranstaltungen"],"_links":{"self":[{"href":"https:\/\/uplandschule.de\/index.php?rest_route=\/wp\/v2\/posts\/21696","targetHints":{"allow":["GET"]}}],"collection":[{"href":"https:\/\/uplandschule.de\/index.php?rest_route=\/wp\/v2\/posts"}],"about":[{"href":"https:\/\/uplandschule.de\/index.php?rest_route=\/wp\/v2\/types\/post"}],"author":[{"embeddable":true,"href":"https:\/\/uplandschule.de\/index.php?rest_route=\/wp\/v2\/users\/15"}],"replies":[{"embeddable":true,"href":"https:\/\/uplandschule.de\/index.php?rest_route=%2Fwp%2Fv2%2Fcomments&post=21696"}],"version-history":[{"count":1,"href":"https:\/\/uplandschule.de\/index.php?rest_route=\/wp\/v2\/posts\/21696\/revisions"}],"predecessor-version":[{"id":21698,"href":"https:\/\/uplandschule.de\/index.php?rest_route=\/wp\/v2\/posts\/21696\/revisions\/21698"}],"wp:featuredmedia":[{"embeddable":true,"href":"https:\/\/uplandschule.de\/index.php?rest_route=\/wp\/v2\/media\/21697"}],"wp:attachment":[{"href":"https:\/\/uplandschule.de\/index.php?rest_route=%2Fwp%2Fv2%2Fmedia&parent=21696"}],"wp:term":[{"taxonomy":"category","embeddable":true,"href":"https:\/\/uplandschule.de\/index.php?rest_route=%2Fwp%2Fv2%2Fcategories&post=21696"},{"taxonomy":"post_tag","embeddable":true,"href":"https:\/\/uplandschule.de\/index.php?rest_route=%2Fwp%2Fv2%2Ftags&post=21696"}],"curies":[{"name":"wp","href":"https:\/\/api.w.org\/{rel}","templated":true}]}}