{"id":21355,"date":"2023-02-08T00:00:00","date_gmt":"2023-02-07T23:00:00","guid":{"rendered":"https:\/\/uplandschule.de\/?p=21355"},"modified":"2023-01-30T21:03:54","modified_gmt":"2023-01-30T20:03:54","slug":"suche-nach-mehr-freiheit-im-kopf","status":"publish","type":"post","link":"https:\/\/uplandschule.de\/?p=21355","title":{"rendered":"Suche nach mehr Freiheit im Kopf"},"content":{"rendered":"\n<h2><em>Skispringerin Michelle G\u00f6bel startet kommende Woche bei Junioren-WM<\/em><\/h2>\n\n\n\n<figure class=\"wp-block-image size-full\"><img loading=\"lazy\" decoding=\"async\" width=\"700\" height=\"558\" src=\"https:\/\/uplandschule.de\/wp-content\/uploads\/2023\/01\/2023_01_28-Michelle-Goebel.jpg\" alt=\"\" class=\"wp-image-21356\" srcset=\"https:\/\/uplandschule.de\/wp-content\/uploads\/2023\/01\/2023_01_28-Michelle-Goebel.jpg 700w, https:\/\/uplandschule.de\/wp-content\/uploads\/2023\/01\/2023_01_28-Michelle-Goebel-300x239.jpg 300w, https:\/\/uplandschule.de\/wp-content\/uploads\/2023\/01\/2023_01_28-Michelle-Goebel-150x120.jpg 150w\" sizes=\"auto, (max-width: 700px) 100vw, 700px\" \/><\/figure>\n\n\n\n<p><strong>WLZ, 28.01.2023:<\/strong> <em>Willingen<\/em> \u2013 Michelle G\u00f6bel will sich keinen Kopf mehr \u00fcber Druck machen. Die 18-j\u00e4hrige Skispringerin vom SC Willingen hat f\u00fcr sich einen Weg gesucht und mittlerweile auch gefunden, der sie im Wettkampf in eine mentale Stimmung versetzt, die zwischen An- und Entspannung liegt. Das klappe nat\u00fcrlich noch nicht immer, betont G\u00f6bel, aber diese ver\u00e4nderte innere Einstellung helfe ihr dabei, in ihrer Sportart besser zu werden.<br \/>Und sie hat in dieser Saison auch einen weiteren Sprung nach vorn gemacht. Die Podestpl\u00e4tze zwei und drei vor einer Woche beim Continental-Cup und die F\u00fchrung in der Gesamtwertung belegen, dass es f\u00fcr die Willingerin in dieser Leistungsklasse nicht mehr weit ist zur Siegspringerin und dadurch klopft sie auch laut ans Weltcup-Tor. Sie hofft, dass sich diese Pforte vielleicht noch in dieser Saison ab und zu \u00f6ffnen wird.<br \/>Sie habe ihr Training gegen\u00fcber dem Vorjahr kaum ver\u00e4ndert, erz\u00e4hlt die 18-J\u00e4hrige, \u201eaber ich f\u00fchle mich vom her Kopf etwas freier, nehme das Ganze nicht mehr so streng, mache das, was ich f\u00fcr richtig halte und lasse mich dadurch von au\u00dfen nicht mehr so stark unter Druck setzen\u201c. Ein bemerkenswerter Satz, den man eher von einem Routinier als von einem Teenager erwartet. Ihre Worte werden in der kommenden Woche wieder einem besonderen Test unterzogen, denn G\u00f6bel schl\u00fcpft dann ins deutsche Trikot und startet bei der Junioren-Weltmeisterschaft in Whistler (Kanada). Welchen Stellenwert sie in diesem Team mittlerweile hat, zeigt die Nominierung: Sie soll im Einzel, Team und Mixed \u00fcber den Bakken der kleinen Schanze gehen. Die Mannschaft hat in dieser Woche in Oberstdorf trainiert, wurde mit neuen Anz\u00fcgen eingekleidet, sie f\u00e4hrt heute nach Frankfurt, wo sie morgen mit dem Flieger in Richtung Vancouver abheben wird.<br \/>G\u00f6bel ist diesmal f\u00fcr eine WM-Medaille gut. Sie gibt das auch zu, aber sie l\u00e4sst sich auch bewusst Platz f\u00fcr m\u00f6gliche Entt\u00e4uschungen. \u201eFr\u00fcher habe ich mich sehr unter Druck gesetzt, wollte vom ersten zum zweiten Sprung noch mal einen draufsetzen, aber ich habe gemerkt, dass das mich nicht weitergebracht hat, sondern eher daran hindert, die Ziele zu erreichen.\u201c Sie probiere jetzt einfach, gute Trainingsspr\u00fcnge im Wettkampf zu wiederholen.<br \/>Nat\u00fcrlich w\u00fcrde sie sich \u00fcber eine WM-Medaille \u201eriesig freuen\u201c, aber die 18-J\u00e4hrige versucht auch andere Dinge rund um die WM sch\u00e4tzen zu lernen, wie etwa die Reise selbst. Sie betritt das erste Mal Boden in \u00dcbersee. Die Mannschaft will sich ein Eishockeyspiel der Profiliga ansehen und sie bekommt auch die Zeit, sich ein wenig in der Gegend umzusehen.<br \/>All das verhindert das Starren auf Edelmetall. \u201eAuch wenn es keine Medaille werden sollte, sammle ich bei der WM viel Erfahrung und, dass ich in Kanada Skispringen darf, kommt ja auch nicht so oft vor.\u201c Sie sp\u00fcre auch keinen Erwartungsdruck von ihren Trainern oder dem Skiverband. Eigentlich sind alle Bedingungen geschaffen, die Michelle G\u00f6bel braucht, um weit zu fliegen.<\/p>\n","protected":false},"excerpt":{"rendered":"<p>Skispringerin Michelle G\u00f6bel startet kommende Woche bei Junioren-WM WLZ, 28.01.2023: Willingen \u2013 Michelle G\u00f6bel will sich keinen Kopf mehr \u00fcber Druck machen. Die 18-j\u00e4hrige Skispringerin vom SC Willingen hat f\u00fcr sich einen Weg gesucht und mittlerweile auch gefunden, der sie im Wettkampf in eine mentale Stimmung versetzt, die zwischen An- [&hellip;]<\/p>\n","protected":false},"author":15,"featured_media":21356,"comment_status":"closed","ping_status":"open","sticky":false,"template":"","format":"standard","meta":{"footnotes":""},"categories":[44,21],"tags":[],"class_list":["post-21355","post","type-post","status-publish","format-standard","has-post-thumbnail","hentry","category-nachrichten-22-23","category-sport"],"_links":{"self":[{"href":"https:\/\/uplandschule.de\/index.php?rest_route=\/wp\/v2\/posts\/21355","targetHints":{"allow":["GET"]}}],"collection":[{"href":"https:\/\/uplandschule.de\/index.php?rest_route=\/wp\/v2\/posts"}],"about":[{"href":"https:\/\/uplandschule.de\/index.php?rest_route=\/wp\/v2\/types\/post"}],"author":[{"embeddable":true,"href":"https:\/\/uplandschule.de\/index.php?rest_route=\/wp\/v2\/users\/15"}],"replies":[{"embeddable":true,"href":"https:\/\/uplandschule.de\/index.php?rest_route=%2Fwp%2Fv2%2Fcomments&post=21355"}],"version-history":[{"count":2,"href":"https:\/\/uplandschule.de\/index.php?rest_route=\/wp\/v2\/posts\/21355\/revisions"}],"predecessor-version":[{"id":21358,"href":"https:\/\/uplandschule.de\/index.php?rest_route=\/wp\/v2\/posts\/21355\/revisions\/21358"}],"wp:featuredmedia":[{"embeddable":true,"href":"https:\/\/uplandschule.de\/index.php?rest_route=\/wp\/v2\/media\/21356"}],"wp:attachment":[{"href":"https:\/\/uplandschule.de\/index.php?rest_route=%2Fwp%2Fv2%2Fmedia&parent=21355"}],"wp:term":[{"taxonomy":"category","embeddable":true,"href":"https:\/\/uplandschule.de\/index.php?rest_route=%2Fwp%2Fv2%2Fcategories&post=21355"},{"taxonomy":"post_tag","embeddable":true,"href":"https:\/\/uplandschule.de\/index.php?rest_route=%2Fwp%2Fv2%2Ftags&post=21355"}],"curies":[{"name":"wp","href":"https:\/\/api.w.org\/{rel}","templated":true}]}}