{"id":21233,"date":"2023-01-20T00:00:00","date_gmt":"2023-01-19T23:00:00","guid":{"rendered":"https:\/\/uplandschule.de\/?p=21233"},"modified":"2023-01-18T21:36:06","modified_gmt":"2023-01-18T20:36:06","slug":"marie-keudel-wieder-auf-dem-podest","status":"publish","type":"post","link":"https:\/\/uplandschule.de\/?p=21233","title":{"rendered":"Marie Keudel wieder auf dem Podest"},"content":{"rendered":"\n<h2><em>Biathlon-Deutschlandpokal: <span>Marie Keudel weiterhin im Gelben Trikot &#8211; <\/span>Linus Kesper frustriert wegen des Schie\u00dfens<\/em><\/h2>\n\n\n\n<figure class=\"wp-block-image size-large\"><img loading=\"lazy\" decoding=\"async\" width=\"768\" height=\"1024\" src=\"https:\/\/uplandschule.de\/wp-content\/uploads\/2023\/01\/2023_01_18-Marie-Keudel-768x1024.jpg\" alt=\"\" class=\"wp-image-21237\" srcset=\"https:\/\/uplandschule.de\/wp-content\/uploads\/2023\/01\/2023_01_18-Marie-Keudel-768x1024.jpg 768w, https:\/\/uplandschule.de\/wp-content\/uploads\/2023\/01\/2023_01_18-Marie-Keudel-225x300.jpg 225w, https:\/\/uplandschule.de\/wp-content\/uploads\/2023\/01\/2023_01_18-Marie-Keudel-113x150.jpg 113w, https:\/\/uplandschule.de\/wp-content\/uploads\/2023\/01\/2023_01_18-Marie-Keudel-1152x1536.jpg 1152w, https:\/\/uplandschule.de\/wp-content\/uploads\/2023\/01\/2023_01_18-Marie-Keudel.jpg 1200w\" sizes=\"auto, (max-width: 768px) 100vw, 768px\" \/><\/figure>\n\n\n\n<p><strong>WLZ, 18.01.2023<\/strong>: <em>Martell<\/em> \u2013 Marie Keudel hat beim dritten Deutschlandpokal der Nachwuchs-Biathleten im Martelltal erneut zwei hervorragende Ergebnisse erzielt. Die 15-J\u00e4hrige vom Ski-Club Willingen, die vor Weihnachten zwei Sprints im Alpencup f\u00fcr sich entschieden hatte, belegte bei den vom schneearmen Oberwiesenthal nach S\u00fcdtirol verlegten Wettk\u00e4mpfen im Einzel Platz zwei, im Sprint wurde sie Vierte.<br \/>\u00dcber die zehn Kilometer der Jugend 16 am Samstag legte die Willingerin die schnellste Laufzeit im 34 Starterinnen z\u00e4hlenden Feld hin, 3 von 20 Scheiben lie\u00df sie stehen. Die Uhr stoppte f\u00fcr sie inklusive der Strafzeit nach 39:46 Minuten. Nur Luna Emilia Hoi\u00df vom SC Ruhpolding lag vor ihr, sie verfehlte nur zwei Scheiben.<br \/>Im Sprint am Sonntag \u00fcber sechs Kilometer \u00fcberquerte Marie Keudel nach 23:10 Minuten die Ziellinie als Rangvierte, nachdem sie drei Mal in die Strafrunde hatte abbiegen m\u00fcssen. Am Ende trennten sie 1:09,1 Minuten von Siegerin Jana Duffner (SC Sch\u00f6nwald\/22:00,9 Minuten), die fehlerfrei geblieben war.<br \/>Bei den Junioren \u00fcber 15 Kilometer war Linus Kesper zwar am schnellsten unterwegs, er verfehlte allerdings neun Scheiben und rangierte nach 49:06,2 Minuten auf Platz 14. Im Sprint \u00fcber zehn Kilometer ging es f\u00fcr den 19-J\u00e4hrigen ein ganzes St\u00fcck weiter nach vorn: Nach 26:56,4 Minuten schnappte er sich den f\u00fcnften Platz, obwohl er f\u00fcnf Mal in die Strafrunde abbiegen musste. Es gewann der fehlerlos schie\u00dfende Fabian Kaskel (SC Todtnau\/26:02,7).<br \/>\u201eMartell war f\u00fcr mich sehr durchwachsen. Das Laufen hat richtig gut geklappt, aber das Schie\u00dfen war miserabel. Mit neun Fehlern kann man nicht zufrieden sein\u201c, sagte der 19-J\u00e4hrige, zeigte sich aber durch sein Sprintergebnis halbwegs vers\u00f6hnt.<br \/>Marie Hubl wurde bei den Juniorinnen \u00fcber 12,5 Kilometer nach 48:10,8 Minuten Zehnte, vier Strafminuten handelte sie sich am Schie\u00dfstand ein. Der Sieg ging an Marlene Fichtner vom SC Traunstein (42:37,3\/0). Am Sonntag lie\u00df Marie Hubl drei Scheiben schwarz und wurde nach 27:20,7 Minuten Elfte. Ganz oben auf dem Podest stand erneut Marlene Fichtner (24:17,4\/1).<br \/>Nur im Sprint starteten die beiden Usselner Rika Schulze und Ole-Einar Saure. Bei der Jugend II (AK\u200518\/19) \u00fcber 7,5 Kilometer lief Ole-Einar nach 27:16,9 Minuten und sechs Fehlern auf Rang 28. Den Sieg sicherte sich Erik Hafenmair (SK Nesselwang\/21:15,7).<br \/>Rika Schulze kam bei der Jugend I (AK\u200517) \u00fcber sechs Kilometer nach vier Fehlern und 24:49,8 Minuten auf den elften Platz. Es siegte Antonia Schramm (WSV Oberhof\/ 22:13,7). Ob es mit dem Deutschlandpokal am Notschrei (27. bis 29. Januar) f\u00fcr die Biathleten weitergehen kann, ist aufgrund der Schneesituation noch nicht ganz sicher. frg<\/p>\n","protected":false},"excerpt":{"rendered":"<p>Biathlon-Deutschlandpokal: Marie Keudel weiterhin im Gelben Trikot &#8211; Linus Kesper frustriert wegen des Schie\u00dfens WLZ, 18.01.2023: Martell \u2013 Marie Keudel hat beim dritten Deutschlandpokal der Nachwuchs-Biathleten im Martelltal erneut zwei hervorragende Ergebnisse erzielt. Die 15-J\u00e4hrige vom Ski-Club Willingen, die vor Weihnachten zwei Sprints im Alpencup f\u00fcr sich entschieden hatte, belegte [&hellip;]<\/p>\n","protected":false},"author":15,"featured_media":21239,"comment_status":"closed","ping_status":"open","sticky":false,"template":"","format":"standard","meta":{"footnotes":""},"categories":[44,21],"tags":[],"class_list":["post-21233","post","type-post","status-publish","format-standard","has-post-thumbnail","hentry","category-nachrichten-22-23","category-sport"],"_links":{"self":[{"href":"https:\/\/uplandschule.de\/index.php?rest_route=\/wp\/v2\/posts\/21233","targetHints":{"allow":["GET"]}}],"collection":[{"href":"https:\/\/uplandschule.de\/index.php?rest_route=\/wp\/v2\/posts"}],"about":[{"href":"https:\/\/uplandschule.de\/index.php?rest_route=\/wp\/v2\/types\/post"}],"author":[{"embeddable":true,"href":"https:\/\/uplandschule.de\/index.php?rest_route=\/wp\/v2\/users\/15"}],"replies":[{"embeddable":true,"href":"https:\/\/uplandschule.de\/index.php?rest_route=%2Fwp%2Fv2%2Fcomments&post=21233"}],"version-history":[{"count":4,"href":"https:\/\/uplandschule.de\/index.php?rest_route=\/wp\/v2\/posts\/21233\/revisions"}],"predecessor-version":[{"id":21242,"href":"https:\/\/uplandschule.de\/index.php?rest_route=\/wp\/v2\/posts\/21233\/revisions\/21242"}],"wp:featuredmedia":[{"embeddable":true,"href":"https:\/\/uplandschule.de\/index.php?rest_route=\/wp\/v2\/media\/21239"}],"wp:attachment":[{"href":"https:\/\/uplandschule.de\/index.php?rest_route=%2Fwp%2Fv2%2Fmedia&parent=21233"}],"wp:term":[{"taxonomy":"category","embeddable":true,"href":"https:\/\/uplandschule.de\/index.php?rest_route=%2Fwp%2Fv2%2Fcategories&post=21233"},{"taxonomy":"post_tag","embeddable":true,"href":"https:\/\/uplandschule.de\/index.php?rest_route=%2Fwp%2Fv2%2Ftags&post=21233"}],"curies":[{"name":"wp","href":"https:\/\/api.w.org\/{rel}","templated":true}]}}