{"id":21229,"date":"2023-01-18T13:31:48","date_gmt":"2023-01-18T12:31:48","guid":{"rendered":"https:\/\/uplandschule.de\/?p=21229"},"modified":"2023-01-18T13:51:28","modified_gmt":"2023-01-18T12:51:28","slug":"michelle-goebel-wieder-zur-junioren-wm","status":"publish","type":"post","link":"https:\/\/uplandschule.de\/?p=21229","title":{"rendered":"Michelle G\u00f6bel wieder zur Junioren-WM"},"content":{"rendered":"\n<h2><em>Willingerin Skispringerin beim Alpencup in Eisenerz zwei Mal auf Platz vier<\/em><\/h2>\n\n\n\n<figure class=\"wp-block-image size-full\"><img loading=\"lazy\" decoding=\"async\" width=\"606\" height=\"700\" src=\"https:\/\/uplandschule.de\/wp-content\/uploads\/2023\/01\/2023_01_17-Michelle-Goebel.jpg\" alt=\"\" class=\"wp-image-21230\" srcset=\"https:\/\/uplandschule.de\/wp-content\/uploads\/2023\/01\/2023_01_17-Michelle-Goebel.jpg 606w, https:\/\/uplandschule.de\/wp-content\/uploads\/2023\/01\/2023_01_17-Michelle-Goebel-260x300.jpg 260w, https:\/\/uplandschule.de\/wp-content\/uploads\/2023\/01\/2023_01_17-Michelle-Goebel-130x150.jpg 130w\" sizes=\"auto, (max-width: 606px) 100vw, 606px\" \/><\/figure>\n\n\n\n<p><em><strong>WlZ, 17.01.2023:<\/strong>\u00a0Eisenerz<\/em> \u2013 Wenn die weltbesten Skispringer und -springerinnen Anfang Februar beim Weltcup in Willingen \u00fcber die Schanze gehen, startet Michelle G\u00f6bel parallel in Whistler bei den Nordischen Junioren-Weltmeisterschaften. Zusammen mit Sina Kiechle, Klara Lebelt. Lia B\u00f6hme und Anna-Fay Scharfenberg fliegt die 18 Jahre alte Upl\u00e4nderin zu den Titelk\u00e4mpfen nach Kanada.<br \/>Es ist nach Lahti 2021 und Zakopane im Vorjahr ihre dritte JWM. Die Wettk\u00e4mpfe im Olympic Park beginnen am 22. Januar und enden am 5. Februar.<br \/>Beim Alpencup in Eisenerz verfehlte das Talent am Wochenende nach Podestpl\u00e4tzen im Continental-Cup zwei Mal knapp das Stockerl. Als Vierte war sie aber jeweils klar die beste Deutsche.<br \/>Hinter der Tschechin Klara Ulrichova (228,0 Punkte). Sina Arnet aus der Schweiz (219,9) und Julia M\u00fchlbacher (\u00d6sterreich\/218,2) kam G\u00f6bel am Samstag nach Weiten von 91 und 93 Meter auf 212,5 Punkte. Ihre Teamkolleginnen Scharfenberg (9.), B\u00f6hme (18.), Kiechle (21.) und Lebelt (22.) hofften auf bessere Platzierungen im zweiten Wettbewerb in \u00d6sterreich, das mit dem Alpencup f\u00fcr Oberhof eingesprungen war. G\u00f6bel hatte am Wochenende zuvor aus gesundheitlichen Gr\u00fcnden auf die Teilnahme am Deutschlandpokal in Rastb\u00fcchl verzichten m\u00fcssen.<br \/>\u201eMir liegt die Schanze nicht besonders. Ich wei\u00df, dass ich es besser kann\u201c, kommentierte die Willinger Sch\u00fclerin ihr Abschneiden am ersten Tag und k\u00fcndigte an: \u201eAm Sonntag nehme ich das Podest in Angriff.\u201c Das schien auch zu gelingen. Nach dem ersten Durchgang rangierte G\u00f6bel gemeinsam mit der \u00d6sterreicherin Julia M\u00fchlbacher, die am Ende Zweite wurde, auf Platz eins.<br \/>Doch mit 205,3 Punkten blieb G\u00f6bel beim Sieg der Schweizerin Sina Arnet (224,4) vor M\u00fchlbacher und Anezka Indrackova (210,9) aus Tschechien im Finale wieder Platz vier. Lia B\u00f6hme und Anna-Fay Scharfenberg folgten auf den Pl\u00e4tzen neun und zehn.<br \/>Im Feld der 69 Springer landeten bei den Junioren der Winterberger Lukas Nellenschulte (229,6\/92,5+94,5) und Robin Kloss (211,3\/87,5+89) aus Willingen am ersten Tag auf Rang 26 und 44, am zweiten Tag auf 20 und 50.<br \/>Kloss lag immerhin vor dem Hinterzartener Lars Deimel, der sich vorzeitig das Ticket f\u00fcr die Europ\u00e4ischen Olympischen Jugendspiele gesichert hatte, das Nellenschulte ebenfalls sicher hat. \u201eIm Deutschlandpokal liegen Lukas und Robin derzeit fast gleichauf\u201c, sagte Trainer Heinz Koch, f\u00fcr den im \u00fcbrigen bei Michelle G\u00f6bel die WM-Form stimmt. \u2003be<\/p>\n","protected":false},"excerpt":{"rendered":"<p>Willingerin Skispringerin beim Alpencup in Eisenerz zwei Mal auf Platz vier WlZ, 17.01.2023:\u00a0Eisenerz \u2013 Wenn die weltbesten Skispringer und -springerinnen Anfang Februar beim Weltcup in Willingen \u00fcber die Schanze gehen, startet Michelle G\u00f6bel parallel in Whistler bei den Nordischen Junioren-Weltmeisterschaften. Zusammen mit Sina Kiechle, Klara Lebelt. Lia B\u00f6hme und Anna-Fay [&hellip;]<\/p>\n","protected":false},"author":15,"featured_media":21230,"comment_status":"closed","ping_status":"open","sticky":false,"template":"","format":"standard","meta":{"footnotes":""},"categories":[44,21],"tags":[],"class_list":["post-21229","post","type-post","status-publish","format-standard","has-post-thumbnail","hentry","category-nachrichten-22-23","category-sport"],"_links":{"self":[{"href":"https:\/\/uplandschule.de\/index.php?rest_route=\/wp\/v2\/posts\/21229","targetHints":{"allow":["GET"]}}],"collection":[{"href":"https:\/\/uplandschule.de\/index.php?rest_route=\/wp\/v2\/posts"}],"about":[{"href":"https:\/\/uplandschule.de\/index.php?rest_route=\/wp\/v2\/types\/post"}],"author":[{"embeddable":true,"href":"https:\/\/uplandschule.de\/index.php?rest_route=\/wp\/v2\/users\/15"}],"replies":[{"embeddable":true,"href":"https:\/\/uplandschule.de\/index.php?rest_route=%2Fwp%2Fv2%2Fcomments&post=21229"}],"version-history":[{"count":2,"href":"https:\/\/uplandschule.de\/index.php?rest_route=\/wp\/v2\/posts\/21229\/revisions"}],"predecessor-version":[{"id":21232,"href":"https:\/\/uplandschule.de\/index.php?rest_route=\/wp\/v2\/posts\/21229\/revisions\/21232"}],"wp:featuredmedia":[{"embeddable":true,"href":"https:\/\/uplandschule.de\/index.php?rest_route=\/wp\/v2\/media\/21230"}],"wp:attachment":[{"href":"https:\/\/uplandschule.de\/index.php?rest_route=%2Fwp%2Fv2%2Fmedia&parent=21229"}],"wp:term":[{"taxonomy":"category","embeddable":true,"href":"https:\/\/uplandschule.de\/index.php?rest_route=%2Fwp%2Fv2%2Fcategories&post=21229"},{"taxonomy":"post_tag","embeddable":true,"href":"https:\/\/uplandschule.de\/index.php?rest_route=%2Fwp%2Fv2%2Ftags&post=21229"}],"curies":[{"name":"wp","href":"https:\/\/api.w.org\/{rel}","templated":true}]}}