{"id":20276,"date":"2022-09-09T00:00:00","date_gmt":"2022-09-08T22:00:00","guid":{"rendered":"https:\/\/uplandschule.de\/?p=20276"},"modified":"2022-09-06T06:53:35","modified_gmt":"2022-09-06T04:53:35","slug":"robin-kloss-meldet-sich-zurueck","status":"publish","type":"post","link":"https:\/\/uplandschule.de\/?p=20276","title":{"rendered":"Robin Klo\u00df meldet sich zur\u00fcck"},"content":{"rendered":"\n<p><em>Willinger Skispringer Dritter beim Deutschlandpokal der Jugend 17<\/em><\/p>\n\n\n\n<figure class=\"wp-block-image size-full\"><img loading=\"lazy\" decoding=\"async\" width=\"369\" height=\"700\" src=\"https:\/\/uplandschule.de\/wp-content\/uploads\/2022\/09\/kloss_220906.jpg\" alt=\"\" class=\"wp-image-20277\" srcset=\"https:\/\/uplandschule.de\/wp-content\/uploads\/2022\/09\/kloss_220906.jpg 369w, https:\/\/uplandschule.de\/wp-content\/uploads\/2022\/09\/kloss_220906-158x300.jpg 158w, https:\/\/uplandschule.de\/wp-content\/uploads\/2022\/09\/kloss_220906-79x150.jpg 79w\" sizes=\"auto, (max-width: 369px) 100vw, 369px\" \/><\/figure>\n\n\n\n<p><strong>WLZ, 06.09.2022:<\/strong><em class=\"fett\"> Berchtesgaden\/Braunlage<\/em><span>\u00a0<\/span>\u2013 Nach einer Durststrecke in der vergangenen Saison hat sich das Willinger Skisprungtalent Robin Klo\u00df beim ersten Deutschlandpokal des Sommers auf der K\u00e4lbersteinschanze in Berchtesgaden stark zur\u00fcckgemeldet. Hinter Lasse Deimel (245,0 Punkte) aus Hinterzarten und Julian Fussi (243,0) aus Ruhpolding kam der 16-J\u00e4hrige mit Weiten von 92,5 und 88,5 Metern sowie 236,7 Punkten auf den Bronze-Rang.<br \/>Lukas Nellenschulte aus Winterberg als Achter und der Willinger Janne Puk (72+78 m\/167,6) auf Platz 13 punkteten ebenfalls bei der Jugend 17. Im Springen der Jugend 16 belegte Radu Borca (189,0\/79,5+82) aus dem Quartett von St\u00fctzpunkttrainer Heinz Koch auf Platz sieben. Beim Sch\u00fclercup in Berchtesgaden best\u00e4tigte Ludwig Flamme mit zwei zweiten Pl\u00e4tzen, dass Willingen ein weiteres Talent weiter ausbilden kann.<br \/>Mit 15 Podestpl\u00e4tzen kehrten die Willinger M\u00e4dchen und Jungen von den beiden Springen der Nordwestdeutschen Mattentournee in Braunlage und Wernigerode zur\u00fcck. Vor dem Finale im Oktober in Meinerzhagen tragen einige Talente das Trikot der F\u00fchrenden und wollen es dort verteidigen. Allerdings k\u00f6nnen zwei Streichwertungen am Ende noch alles durchmischen. Nach dem Trainingslager fehlten einige der Talente wegen der Ferien.<br \/>Bei den Sch\u00fclern 9 f\u00fchrt Malte Gerstengarbe, bei den Sch\u00fclern 10 rangieren Emma Mungenast und ihr Bruder Paul auf den Toppl\u00e4tzen.. Bei den Sch\u00fclerinnen 11 belegen Britta und Lena K\u00fchn derzeit die R\u00e4nge zwei und drei. Anna Gr\u00f6ticke ist Zweite bei den Sch\u00fclerinnen 12\/13.<br \/>Im selben Jahrgang der Sch\u00fcler steht Leon Krezelok auf Platz sechs vor Ben Mungenast; Philip Beckmann ist Zehnter, Sebastian Mitrofan 13.. Bleiben die Sch\u00fcler 14\/15 mit Marco Bielau auf zwei und dahinter Ludwig Flamme, der wegen seines Einsatzes beim DSV-Sch\u00fclercup fehlte und im Finale Favorit ist. \u2003<em>be<\/em><\/p>\n","protected":false},"excerpt":{"rendered":"<p>Willinger Skispringer Dritter beim Deutschlandpokal der Jugend 17 WLZ, 06.09.2022: Berchtesgaden\/Braunlage\u00a0\u2013 Nach einer Durststrecke in der vergangenen Saison hat sich das Willinger Skisprungtalent Robin Klo\u00df beim ersten Deutschlandpokal des Sommers auf der K\u00e4lbersteinschanze in Berchtesgaden stark zur\u00fcckgemeldet. Hinter Lasse Deimel (245,0 Punkte) aus Hinterzarten und Julian Fussi (243,0) aus Ruhpolding [&hellip;]<\/p>\n","protected":false},"author":11,"featured_media":20278,"comment_status":"closed","ping_status":"open","sticky":false,"template":"","format":"standard","meta":{"footnotes":""},"categories":[44,21],"tags":[],"class_list":["post-20276","post","type-post","status-publish","format-standard","has-post-thumbnail","hentry","category-nachrichten-22-23","category-sport"],"_links":{"self":[{"href":"https:\/\/uplandschule.de\/index.php?rest_route=\/wp\/v2\/posts\/20276","targetHints":{"allow":["GET"]}}],"collection":[{"href":"https:\/\/uplandschule.de\/index.php?rest_route=\/wp\/v2\/posts"}],"about":[{"href":"https:\/\/uplandschule.de\/index.php?rest_route=\/wp\/v2\/types\/post"}],"author":[{"embeddable":true,"href":"https:\/\/uplandschule.de\/index.php?rest_route=\/wp\/v2\/users\/11"}],"replies":[{"embeddable":true,"href":"https:\/\/uplandschule.de\/index.php?rest_route=%2Fwp%2Fv2%2Fcomments&post=20276"}],"version-history":[{"count":1,"href":"https:\/\/uplandschule.de\/index.php?rest_route=\/wp\/v2\/posts\/20276\/revisions"}],"predecessor-version":[{"id":20279,"href":"https:\/\/uplandschule.de\/index.php?rest_route=\/wp\/v2\/posts\/20276\/revisions\/20279"}],"wp:featuredmedia":[{"embeddable":true,"href":"https:\/\/uplandschule.de\/index.php?rest_route=\/wp\/v2\/media\/20278"}],"wp:attachment":[{"href":"https:\/\/uplandschule.de\/index.php?rest_route=%2Fwp%2Fv2%2Fmedia&parent=20276"}],"wp:term":[{"taxonomy":"category","embeddable":true,"href":"https:\/\/uplandschule.de\/index.php?rest_route=%2Fwp%2Fv2%2Fcategories&post=20276"},{"taxonomy":"post_tag","embeddable":true,"href":"https:\/\/uplandschule.de\/index.php?rest_route=%2Fwp%2Fv2%2Ftags&post=20276"}],"curies":[{"name":"wp","href":"https:\/\/api.w.org\/{rel}","templated":true}]}}