{"id":20102,"date":"2022-07-10T00:00:00","date_gmt":"2022-07-09T22:00:00","guid":{"rendered":"https:\/\/uplandschule.de\/?p=20102"},"modified":"2022-07-09T07:38:09","modified_gmt":"2022-07-09T05:38:09","slug":"mit-mut-hinaus-in-die-welt","status":"publish","type":"post","link":"https:\/\/uplandschule.de\/?p=20102","title":{"rendered":"Mit Mut hinaus in die Welt"},"content":{"rendered":"\n<p><em>Uplandschule verabschiedet 22 Abiturienten mit besten W\u00fcnschen<\/em><\/p>\n\n\n\n<p>VON WILHELM FIGGE<\/p>\n\n\n\n<figure class=\"wp-block-image size-full\"><img loading=\"lazy\" decoding=\"async\" width=\"700\" height=\"397\" src=\"https:\/\/uplandschule.de\/wp-content\/uploads\/2022\/07\/abiturienten_2022.jpg\" alt=\"\" class=\"wp-image-20103\" srcset=\"https:\/\/uplandschule.de\/wp-content\/uploads\/2022\/07\/abiturienten_2022.jpg 700w, https:\/\/uplandschule.de\/wp-content\/uploads\/2022\/07\/abiturienten_2022-300x170.jpg 300w, https:\/\/uplandschule.de\/wp-content\/uploads\/2022\/07\/abiturienten_2022-150x85.jpg 150w\" sizes=\"auto, (max-width: 700px) 100vw, 700px\" \/><\/figure>\n\n\n\n<p><\/p>\n<p><strong>WLZ, 09.07.2022:<\/strong> Willingen \u2013 Jahrelang habe er runtergez\u00e4hlt: noch drei Jahre, bis er nicht mehr zur Schule muss, noch zwei, noch eins. Jetzt stehe er da, bekomme sein Abi-Zeugnis und habe ein komisches Gef\u00fchl: Nie mehr F\u00fcnf-Minuten-Pause, nie mehr Lachanf\u00e4lle in der letzten Reihe, nie mehr n\u00e4chtliche Gespr\u00e4che auf Klassenfahrt. Friedrich K\u00f6ster sprach bei der Verabschiedung f\u00fcr die Abiturienten, die die Uplandschule hinter sich lassen.<br \/>Als die 22 Absolventen in der elften Klasse waren, kam der Lockdown, blickte Schulleiterin Barbara Pavlu zur\u00fcck. Die 16- bis 19-J\u00e4hrigen w\u00fcrden auch als \u201eGeneration Corona-Kokon\u201c bezeichnet: Sie entwickelten sich abgeschieden von der Welt, doch werde es im Kokon eng und klebrig \u2013 die Schmetterlinge wollten nun fliegen. Sie dankte wie alle Redner Eltern und Lehrern f\u00fcr die Starthilfe.<br \/>13 Jahre Schule: \u201eAus der Perspektive eines jungen Erwachsenen ist das eine ganz lange Zeit, eine gef\u00fchlte Ewigkeit\u201c, befand B\u00fcrgermeister Thomas Trachte. Das \u00e4ndere sich in der Zukunft \u2013 und die werde spannend: Berufs- und Studienwahl seien ein erster Schritt, der Weg danach sei offen.<br \/>Unendlich anhaltende Momente gebe es nicht, hielt Elternbeiratsvorsitzende Anke Keudel fest, die ihre Rede am \u201eTote Hosen\u201c-Hit \u201eAn Tagen wie diesen\u201c aufhing. Darin gehe es darum, raus zu gehen und mit anderen etwas zu erleben \u2013 so entstehe Gl\u00fcck. \u201eAlso macht es wie Campino: Raus mit euch!\u201c<br \/>Jens Vogel, Dirigent der Sch\u00fctzenblaskapelle, spielte das St\u00fcck dann auf der Trompete; Olaf Schillm\u00f6ller und Paula Saure lieferten sp\u00e4ter eine Version mit Klavier und Gesang als einen ihrer Beitr\u00e4ge zum Rahmenprogramm. Darin spielte auch Barbara Pavlu \u201eAngel\u201c von Robbie Williams; und Zweitkl\u00e4ssler lie\u00dfen die Absolventen unter Leitung von Grundschul-Rektor J\u00f6rg Fuchs mit einem Lied \u00fcber die Anf\u00e4nge im Schreiben, Rechnen und Singen zur\u00fcck reisen.<br \/>Seit diesen h\u00e4tten sie viel gelernt, befand Eric M\u00fcller f\u00fcr die Sch\u00fclervertretung \u2013 und auch Fehler und Peinlichkeiten erlebt: \u201eAll diese Schritte haben euch zu den Menschen gemacht, die ihr jetzt seid.\u201c Sie seien nun gefragt, sagte Dr. Dirk Wilke f\u00fcr den F\u00f6rderverein. Klima und Frieden br\u00e4uchten mehr als den Einsatz der Altvorderen: \u201eIhr m\u00fcsst es besser machen als wir.\u201c<br \/>Als Hitmix \u201eDas beste aus den 2000ern\u201c seien sie da auf gutem Wege, ging Tutorin Gabriele Engelberger auf ihr Motto ein \u2013 mit Kinderfotos aus der ersten Dekade des Jahrtausends untermalte sie das zur Freude der G\u00e4ste in der Aula. \u201eWerden sich unsere Stars auf den B\u00fchnen der Welt behaupten k\u00f6nnen?\u201c, fragte sie: \u201eIch meine ja: Sie werden gleich den Grammy holen.\u201c<br \/>Letztlich wurde versucht, eine Tradition ins Rollen zu bringen: Steffen Wenig, der Lehrer ist auch Nachtw\u00e4chter in Korbach, brachte eine Laterne mit: Das \u201eLicht der Erkenntnis\u201c sollen die Abiturienten an den n\u00e4chsten Jahrgang weitergeben, der in die Welt hinauszieht.<\/p>\n<p><\/p>\n","protected":false},"excerpt":{"rendered":"<p>Uplandschule verabschiedet 22 Abiturienten mit besten W\u00fcnschen VON WILHELM FIGGE<\/p>\n","protected":false},"author":11,"featured_media":20103,"comment_status":"closed","ping_status":"open","sticky":false,"template":"","format":"standard","meta":{"footnotes":""},"categories":[18],"tags":[],"class_list":["post-20102","post","type-post","status-publish","format-standard","has-post-thumbnail","hentry","category-schulveranstaltungen"],"_links":{"self":[{"href":"https:\/\/uplandschule.de\/index.php?rest_route=\/wp\/v2\/posts\/20102","targetHints":{"allow":["GET"]}}],"collection":[{"href":"https:\/\/uplandschule.de\/index.php?rest_route=\/wp\/v2\/posts"}],"about":[{"href":"https:\/\/uplandschule.de\/index.php?rest_route=\/wp\/v2\/types\/post"}],"author":[{"embeddable":true,"href":"https:\/\/uplandschule.de\/index.php?rest_route=\/wp\/v2\/users\/11"}],"replies":[{"embeddable":true,"href":"https:\/\/uplandschule.de\/index.php?rest_route=%2Fwp%2Fv2%2Fcomments&post=20102"}],"version-history":[{"count":1,"href":"https:\/\/uplandschule.de\/index.php?rest_route=\/wp\/v2\/posts\/20102\/revisions"}],"predecessor-version":[{"id":20104,"href":"https:\/\/uplandschule.de\/index.php?rest_route=\/wp\/v2\/posts\/20102\/revisions\/20104"}],"wp:featuredmedia":[{"embeddable":true,"href":"https:\/\/uplandschule.de\/index.php?rest_route=\/wp\/v2\/media\/20103"}],"wp:attachment":[{"href":"https:\/\/uplandschule.de\/index.php?rest_route=%2Fwp%2Fv2%2Fmedia&parent=20102"}],"wp:term":[{"taxonomy":"category","embeddable":true,"href":"https:\/\/uplandschule.de\/index.php?rest_route=%2Fwp%2Fv2%2Fcategories&post=20102"},{"taxonomy":"post_tag","embeddable":true,"href":"https:\/\/uplandschule.de\/index.php?rest_route=%2Fwp%2Fv2%2Ftags&post=20102"}],"curies":[{"name":"wp","href":"https:\/\/api.w.org\/{rel}","templated":true}]}}