{"id":20049,"date":"2022-07-06T00:00:00","date_gmt":"2022-07-05T22:00:00","guid":{"rendered":"https:\/\/uplandschule.de\/?p=20049"},"modified":"2022-07-05T15:18:41","modified_gmt":"2022-07-05T13:18:41","slug":"fahrt-zur-gedenkstaette-kz-buchenwald","status":"publish","type":"post","link":"https:\/\/uplandschule.de\/?p=20049","title":{"rendered":"Fahrt zur Gedenkst\u00e4tte \u201eKZ Buchenwald\u201c"},"content":{"rendered":"\n<figure class=\"wp-block-gallery columns-1 is-cropped wp-block-gallery-1 is-layout-flex wp-block-gallery-is-layout-flex\"><ul class=\"blocks-gallery-grid\"><li class=\"blocks-gallery-item\"><figure><img loading=\"lazy\" decoding=\"async\" width=\"1024\" height=\"768\" src=\"https:\/\/uplandschule.de\/wp-content\/uploads\/2022\/07\/buchenwald3.jpeg\" alt=\"\" data-id=\"20085\" data-full-url=\"https:\/\/uplandschule.de\/wp-content\/uploads\/2022\/07\/buchenwald3.jpeg\" data-link=\"https:\/\/uplandschule.de\/wp-content\/uploads\/2022\/07\/buchenwald3.jpeg\" class=\"wp-image-20085\" srcset=\"https:\/\/uplandschule.de\/wp-content\/uploads\/2022\/07\/buchenwald3.jpeg 1024w, https:\/\/uplandschule.de\/wp-content\/uploads\/2022\/07\/buchenwald3-300x225.jpeg 300w, https:\/\/uplandschule.de\/wp-content\/uploads\/2022\/07\/buchenwald3-150x113.jpeg 150w, https:\/\/uplandschule.de\/wp-content\/uploads\/2022\/07\/buchenwald3-768x576.jpeg 768w\" sizes=\"auto, (max-width: 1024px) 100vw, 1024px\" \/><\/figure><\/li><\/ul><\/figure>\n\n\n\n<p>Am 16.06., um 6 Uhr morgens fuhren die Sch\u00fcler der Klassen E2, R10, G10 und H9 der Uplandschule zusammen mit Frau Englberger, Frau Wilke, Herrn Hundertmark und Herrn R\u00f6hling mit zwei Bussen Richtung KZ-Gedenkst\u00e4tte Buchenwald. Nach der Ankunft um 10 Uhr hatten die Klassen H9 und R10 eine F\u00fchrung mit einem professionellen Guide, die anderen Klassen sahen einen Kurzfilm \u00fcber die Geschehnisse in Buchenwald in dem Kinosaal der Gedenkst\u00e4tte. In dem Film kamen \u00dcberlebende von Buchenwald zu Wort. Nach diesem ersten, bereits schockierenden Einblick besuchten die Sch\u00fcler die st\u00e4ndige Ausstellung im Museum der Gedenkst\u00e4tte, in dem erhaltene Artefakte wie H\u00e4ftlingsuniformen oder von H\u00e4ftlingen gemalte Bilder pr\u00e4sentiert werden. Es offenbarte bereits viel von dem Ausma\u00df des Leidens und der Gr\u00f6\u00dfe der Verbrechen, die in Buchenwald von 1933 bis 1945 ausgef\u00fchrt wurden, doch die Besichtigung des Gel\u00e4ndes der Klassen durch Herrn R\u00f6hling machte es f\u00fcr alle greifbarer und drastischer. Beispielsweise verdeutlichte das noch erhaltene Gem\u00e4uer des damaligen Streichelzoos f\u00fcr die Familien der SS, das sich in unmittelbarer N\u00e4he des Krematoriums f\u00fcr die verstorbenen KZ-H\u00e4ftlinge befand, die Absurdit\u00e4t und Abscheulichkeit der damaligen Welt.<br \/>Nach dem Besuch des Gel\u00e4ndes hatten die Sch\u00fcler noch Gelegenheit, der Stadt Weimar einen kurzen Besuch abzustatten und eine ausgiebige Mittagspause zu verbringen. Danach ging es f\u00fcr alle wieder in die Heimat und um 20 Uhr war Ankunft in Willingen.<br \/>Dieser Ausflug war f\u00fcr alle ein bereichernder und wichtiger Tag und wird noch lange im Ged\u00e4chtnis bleiben.<\/p>\n<p><em>Milla Stremme, E2<\/em><\/p>\n\n\n\n<figure class=\"wp-block-image size-full\"><img loading=\"lazy\" decoding=\"async\" width=\"900\" height=\"675\" src=\"https:\/\/uplandschule.de\/wp-content\/uploads\/2022\/07\/buchenwald2-1.jpg\" alt=\"\" class=\"wp-image-20086\" srcset=\"https:\/\/uplandschule.de\/wp-content\/uploads\/2022\/07\/buchenwald2-1.jpg 900w, https:\/\/uplandschule.de\/wp-content\/uploads\/2022\/07\/buchenwald2-1-300x225.jpg 300w, https:\/\/uplandschule.de\/wp-content\/uploads\/2022\/07\/buchenwald2-1-150x113.jpg 150w, https:\/\/uplandschule.de\/wp-content\/uploads\/2022\/07\/buchenwald2-1-768x576.jpg 768w\" sizes=\"auto, (max-width: 900px) 100vw, 900px\" \/><\/figure>\n","protected":false},"excerpt":{"rendered":"<p>Am 16.06., um 6 Uhr morgens fuhren die Sch\u00fcler der Klassen E2, R10, G10 und H9 der Uplandschule zusammen mit Frau Englberger, Frau Wilke, Herrn Hundertmark und Herrn R\u00f6hling mit zwei Bussen Richtung KZ-Gedenkst\u00e4tte Buchenwald. Nach der Ankunft um 10 Uhr hatten die Klassen H9 und R10 eine F\u00fchrung mit [&hellip;]<\/p>\n","protected":false},"author":11,"featured_media":20086,"comment_status":"closed","ping_status":"open","sticky":false,"template":"","format":"standard","meta":{"footnotes":""},"categories":[35,42],"tags":[],"class_list":["post-20049","post","type-post","status-publish","format-standard","has-post-thumbnail","hentry","category-geschichte","category-religion"],"_links":{"self":[{"href":"https:\/\/uplandschule.de\/index.php?rest_route=\/wp\/v2\/posts\/20049","targetHints":{"allow":["GET"]}}],"collection":[{"href":"https:\/\/uplandschule.de\/index.php?rest_route=\/wp\/v2\/posts"}],"about":[{"href":"https:\/\/uplandschule.de\/index.php?rest_route=\/wp\/v2\/types\/post"}],"author":[{"embeddable":true,"href":"https:\/\/uplandschule.de\/index.php?rest_route=\/wp\/v2\/users\/11"}],"replies":[{"embeddable":true,"href":"https:\/\/uplandschule.de\/index.php?rest_route=%2Fwp%2Fv2%2Fcomments&post=20049"}],"version-history":[{"count":3,"href":"https:\/\/uplandschule.de\/index.php?rest_route=\/wp\/v2\/posts\/20049\/revisions"}],"predecessor-version":[{"id":20087,"href":"https:\/\/uplandschule.de\/index.php?rest_route=\/wp\/v2\/posts\/20049\/revisions\/20087"}],"wp:featuredmedia":[{"embeddable":true,"href":"https:\/\/uplandschule.de\/index.php?rest_route=\/wp\/v2\/media\/20086"}],"wp:attachment":[{"href":"https:\/\/uplandschule.de\/index.php?rest_route=%2Fwp%2Fv2%2Fmedia&parent=20049"}],"wp:term":[{"taxonomy":"category","embeddable":true,"href":"https:\/\/uplandschule.de\/index.php?rest_route=%2Fwp%2Fv2%2Fcategories&post=20049"},{"taxonomy":"post_tag","embeddable":true,"href":"https:\/\/uplandschule.de\/index.php?rest_route=%2Fwp%2Fv2%2Ftags&post=20049"}],"curies":[{"name":"wp","href":"https:\/\/api.w.org\/{rel}","templated":true}]}}