{"id":19977,"date":"2022-06-22T00:00:00","date_gmt":"2022-06-21T22:00:00","guid":{"rendered":"https:\/\/uplandschule.de\/?p=19977"},"modified":"2022-06-16T06:52:44","modified_gmt":"2022-06-16T04:52:44","slug":"der-juengste-willinger-siegt","status":"publish","type":"post","link":"https:\/\/uplandschule.de\/?p=19977","title":{"rendered":"Der j\u00fcngste Willinger siegt"},"content":{"rendered":"\n<p><em>Der j\u00fcngste Willinger siegt<\/em><\/p>\n\n\n\n<figure class=\"wp-block-gallery columns-2 is-cropped wp-block-gallery-1 is-layout-flex wp-block-gallery-is-layout-flex\"><ul class=\"blocks-gallery-grid\"><li class=\"blocks-gallery-item\"><figure><img loading=\"lazy\" decoding=\"async\" width=\"613\" height=\"700\" src=\"https:\/\/uplandschule.de\/wp-content\/uploads\/2022\/06\/emma-1.jpg\" alt=\"\" data-id=\"19980\" data-full-url=\"https:\/\/uplandschule.de\/wp-content\/uploads\/2022\/06\/emma-1.jpg\" data-link=\"https:\/\/uplandschule.de\/wp-content\/uploads\/2022\/06\/emma-1.jpg\" class=\"wp-image-19980\" srcset=\"https:\/\/uplandschule.de\/wp-content\/uploads\/2022\/06\/emma-1.jpg 613w, https:\/\/uplandschule.de\/wp-content\/uploads\/2022\/06\/emma-1-263x300.jpg 263w, https:\/\/uplandschule.de\/wp-content\/uploads\/2022\/06\/emma-1-131x150.jpg 131w\" sizes=\"auto, (max-width: 613px) 100vw, 613px\" \/><figcaption class=\"blocks-gallery-item__caption\">In Winterberg vorn, diesmal Zweite: Emma Mungenast.<\/figcaption><\/figure><\/li><li class=\"blocks-gallery-item\"><figure><img loading=\"lazy\" decoding=\"async\" width=\"613\" height=\"700\" src=\"https:\/\/uplandschule.de\/wp-content\/uploads\/2022\/06\/malte.jpg\" alt=\"\" data-id=\"19981\" data-full-url=\"https:\/\/uplandschule.de\/wp-content\/uploads\/2022\/06\/malte.jpg\" data-link=\"https:\/\/uplandschule.de\/wp-content\/uploads\/2022\/06\/malte.jpg\" class=\"wp-image-19981\" srcset=\"https:\/\/uplandschule.de\/wp-content\/uploads\/2022\/06\/malte.jpg 613w, https:\/\/uplandschule.de\/wp-content\/uploads\/2022\/06\/malte-263x300.jpg 263w, https:\/\/uplandschule.de\/wp-content\/uploads\/2022\/06\/malte-131x150.jpg 131w\" sizes=\"auto, (max-width: 613px) 100vw, 613px\" \/><figcaption class=\"blocks-gallery-item__caption\">Sieger in Willingen und<br>R\u00fcckershausen: Malte<br>Gerstengarbe.<\/figcaption><\/figure><\/li><\/ul><\/figure>\n\n\n\n<p><strong>WLZ, 16.06.2022: <\/strong><em>Willingen<\/em>\u00a0\u2013 Ein Hauch von Weltcup wehte am Sonntag beim Orenberg-Cup um die Willinger Mattenschanzen. Auf der zweiten Station der 40. Nordwestdeutschen-Mattentournee gingen 67 Teilnehmer aus f\u00fcnf Landesverb\u00e4nden bei \u201eKaiserwetter\u201c \u00fcber die Anlage. Der Willinger Trainer J\u00f6rg Pietschmann hatte mit seinem gro\u00dfen Aufgebot beim \u201eHeimspiel\u201c alle H\u00e4nde voll zu tun. 23 Kinder schickte er an den Start, darunter auch zwei Talente aus Pfullingen, die in den Pfingstferien beim Ski-Club am Trainingsbetrieb teilnahmen. Die SCW-Talente schafften eine ganze Reihe Podestpl\u00e4tze.<br>Auf der 45-Meter-Schanze belegte Ludwig Flamme (46,5+46 Meter\/227,5 Punkte) bei den Sch\u00fclern 14\/15 mit nur 0,4 Punkten R\u00fcckstand Platz zwei hinter Marcel Dickhaut (227,9) aus R\u00fcckershausen. Dritter wurde Tim Dickas (226,7) aus Meinerzhagen vor Marco Bielau vom SCW (45+45,5\/214,2). Bei der Jugend 16 war Radu Borca (48+48\/240,4) wieder allein auf weiter Flur.<br>Ein starkes Feld ging bei den Sch\u00fclern 12\/13 \u00fcber die 35-Meter-Schanze: Bester Willinger war Philip Beckmann (28+27\/198,0) als F\u00fcnfter vor seinem Bruder Karl (28+26,5(196,8) beim Sieg von Frieder Stoor (218,4) aus Wernigerode.<br>Malte Gerstengarbe (7,5+8\/214,2 Punkte) wiederholte in der Sch\u00fclerklasse 9 auf der Zehn-Meter-Schanze seinen Sieg aus Winterberg vor Bela Asmuth (8+7,5\/203,7) sowie Mats Tr\u00f6geler (9+9,5\/201,4) und Mayra Falk (5+6,5\/195,6). Malte f\u00fchrt auch die Tournee-Wertung an.<br>In der Sch\u00fclerklasse 10 kamen Emma Mungenast (10,5+9,5\/214,0) und Paul Rummel (9,5+9,5\/213,6) hinter dem Winterberger Mans Schriever (216,0) auf die beiden weiteren Podestpl\u00e4tze. bei den Sch\u00fcler\/innen 11 belegten die Schwestern Britta (23+24\/158,8) und Lena K\u00fchne (24+17,5\/135,6) hinter Anton Hahn (183,0) ebenfalls die Pl\u00e4tze zwei und drei.<br>Weltcup-Rennleiter Volkmar Hirsch hatte die vielen Zuschauer als Sprecher unterhalten und informiert. Michelle G\u00f6bel, das international erprobte Willinger Talent, war nach einem Auftaktlehrgang in Rastb\u00fcchl Zaungast am Orenberg. Sie trat zur Freude des Nachwuchses bei der Siegerehrung in Aktion.<br>Mit vier Willinger Siegen hatte die Tournee in R\u00fcckers-hausen begonnen. Erste Pl\u00e4tze bei den \u00c4lteren erreichten Ludwig Flamme (35+38,5\/221,8) bei den Sch\u00fclern 14\/15 auf der 37-Meter-Schanze sowie Radu Borca (Jugend 16\/17) auf der gro\u00dfen Schanze mit 37,5 und 39 Metern (230,0).<br>Malte Gerstengarbe (Sch\u00fcler 9; 7,5+8 210,7) holte sich Platz eins vor Bela Asmuth (7,5+8\/210,2). Emma Mungenast (10,5+10,5\/227,9) siegte vor Paul Rummel (9,5+9,5\/215,6) in der Klasse 10. Bereits an Pfingsten in Winterberg hatte es f\u00fcr Mats Tr\u00f6geler und Emma Mungenast jeweils zum Sieg gereicht. \u2003<em>be<\/em><\/p>\n","protected":false},"excerpt":{"rendered":"<p>Der j\u00fcngste Willinger siegt WLZ, 16.06.2022: Willingen\u00a0\u2013 Ein Hauch von Weltcup wehte am Sonntag beim Orenberg-Cup um die Willinger Mattenschanzen. Auf der zweiten Station der 40. Nordwestdeutschen-Mattentournee gingen 67 Teilnehmer aus f\u00fcnf Landesverb\u00e4nden bei \u201eKaiserwetter\u201c \u00fcber die Anlage. Der Willinger Trainer J\u00f6rg Pietschmann hatte mit seinem gro\u00dfen Aufgebot beim \u201eHeimspiel\u201c [&hellip;]<\/p>\n","protected":false},"author":11,"featured_media":19979,"comment_status":"closed","ping_status":"open","sticky":false,"template":"","format":"standard","meta":{"footnotes":""},"categories":[41,21],"tags":[],"class_list":["post-19977","post","type-post","status-publish","format-standard","has-post-thumbnail","hentry","category-nachrichten-21-22","category-sport"],"_links":{"self":[{"href":"https:\/\/uplandschule.de\/index.php?rest_route=\/wp\/v2\/posts\/19977","targetHints":{"allow":["GET"]}}],"collection":[{"href":"https:\/\/uplandschule.de\/index.php?rest_route=\/wp\/v2\/posts"}],"about":[{"href":"https:\/\/uplandschule.de\/index.php?rest_route=\/wp\/v2\/types\/post"}],"author":[{"embeddable":true,"href":"https:\/\/uplandschule.de\/index.php?rest_route=\/wp\/v2\/users\/11"}],"replies":[{"embeddable":true,"href":"https:\/\/uplandschule.de\/index.php?rest_route=%2Fwp%2Fv2%2Fcomments&post=19977"}],"version-history":[{"count":1,"href":"https:\/\/uplandschule.de\/index.php?rest_route=\/wp\/v2\/posts\/19977\/revisions"}],"predecessor-version":[{"id":19982,"href":"https:\/\/uplandschule.de\/index.php?rest_route=\/wp\/v2\/posts\/19977\/revisions\/19982"}],"wp:featuredmedia":[{"embeddable":true,"href":"https:\/\/uplandschule.de\/index.php?rest_route=\/wp\/v2\/media\/19979"}],"wp:attachment":[{"href":"https:\/\/uplandschule.de\/index.php?rest_route=%2Fwp%2Fv2%2Fmedia&parent=19977"}],"wp:term":[{"taxonomy":"category","embeddable":true,"href":"https:\/\/uplandschule.de\/index.php?rest_route=%2Fwp%2Fv2%2Fcategories&post=19977"},{"taxonomy":"post_tag","embeddable":true,"href":"https:\/\/uplandschule.de\/index.php?rest_route=%2Fwp%2Fv2%2Ftags&post=19977"}],"curies":[{"name":"wp","href":"https:\/\/api.w.org\/{rel}","templated":true}]}}