{"id":19744,"date":"2022-05-09T08:00:43","date_gmt":"2022-05-09T06:00:43","guid":{"rendered":"https:\/\/uplandschule.de\/?p=19744"},"modified":"2022-05-09T08:00:44","modified_gmt":"2022-05-09T06:00:44","slug":"sicherheit-ist-auch-ein-gefuehl","status":"publish","type":"post","link":"https:\/\/uplandschule.de\/?p=19744","title":{"rendered":"Sicherheit ist auch ein Gef\u00fchl"},"content":{"rendered":"\n<p><em>Diskussionen, Vortr\u00e4ge und eine Preisverleihung beim Tag der Sicherheit<\/em><\/p>\n\n\n\n<figure class=\"wp-block-image size-full\"><img loading=\"lazy\" decoding=\"async\" width=\"700\" height=\"397\" src=\"https:\/\/uplandschule.de\/wp-content\/uploads\/2022\/05\/praevention.jpg\" alt=\"\" class=\"wp-image-19747\" srcset=\"https:\/\/uplandschule.de\/wp-content\/uploads\/2022\/05\/praevention.jpg 700w, https:\/\/uplandschule.de\/wp-content\/uploads\/2022\/05\/praevention-300x170.jpg 300w, https:\/\/uplandschule.de\/wp-content\/uploads\/2022\/05\/praevention-150x85.jpg 150w\" sizes=\"auto, (max-width: 700px) 100vw, 700px\" \/><figcaption>(M)ein Tag in Willingen: Der Jugendkoordinator der Polizei Manuel Luxenburger und Jasmin Sender, Lehrerin an der Uplandschule, \u00fcbergaben die Siegerurkunden an die Sch\u00fclerinnen Lina Kerstin Kessler und Freya Biesgen aus der Klasse HR6, die beim Wettbewerb den ersten Platz belegte und 125 Euro Preisgeld bekam. <em>Foto: Stefanie R\u00f6sner <\/em><\/figcaption><\/figure>\n\n\n\n<div class=\"article-teaser ng-binding\" ng-bind-html=\"av.content.teaser | trustAsHTML\"><strong style=\"font-size: revert; color: initial;\">WLZ, 09.05.2022:<\/strong><span style=\"font-size: revert; color: initial;\"> <\/span><em style=\"font-size: revert; color: initial;\">Willingen<\/em><span style=\"font-size: revert; color: initial;\"> \u2013 Wenn die Gemeinde sicherer werden soll, muss zun\u00e4chst einmal klar sein, in welchen Bereichen es Probleme gibt und in welchen Situationen sich Menschen unwohl f\u00fchlen. Dar\u00fcber diskutierten am Sonntag Vertreter der Gemeinde Willingen, der Polizei und des Upl\u00e4nder Pr\u00e4ventionskreises beim Tag der Sicherheit im Besucherzentrum.<br \/><\/span><span style=\"font-size: revert; color: initial;\">Einen spannenden Einblick in das Thema gaben Sch\u00fclerinnen der Uplandschule, die ihre eigenen Erfahrungen schilderten. So f\u00fchlen sie sich abends in ihrem Ort unsicher, wenn betrunkene M\u00e4nner Kinder ansprechen oder sich teilweise entkleiden, um an einen Baum zu pinkeln.<br \/><\/span><span style=\"font-size: revert; color: initial;\">Ihren pers\u00f6nlichen Blick auf die attraktiven Freizeitangebote einerseits und die Schattenseiten des Partytourismus hatten die M\u00e4dchen und ihre Mitsch\u00fcler zuvor in Bildern und Texten illustriert und verfasst. Denn die Uplandschule hatte zu einem Wettbewerb unter dem Titel \u201e(M)ein Tag in Willingen\u201c aufgerufen. Die Ergebnisse zeigten, wo es Handlungsbedarf gibt.<br \/><\/span><span style=\"font-size: revert; color: initial;\">Von \u201eKonfliktsituationen beim Wochenendtourismus\u201c hatte zuvor schon B\u00fcrgermeister Thomas Trachte gesprochen. Es sei ein \u201egro\u00dfes politisches Anliegen, solche Situationen zu entsch\u00e4rfen, um die Urlaubs- und Lebensqualit\u00e4t in Willingen zu verbessern\u201c. Er verwies auf die wichtige und gute Arbeit der Polizei, die allerdings \u201eabsolut unterbesetzt\u201c sei.<br \/><\/span><span style=\"font-size: revert; color: initial;\">Trachte k\u00fcndigte an, dass die geplante Fu\u00dfg\u00e4ngerbr\u00fccke zwischen dem Parkplatz am Ettelsberg und dem Bahnhof gebaut werden soll \u2013 trotz der Finanzknappheit der Gemeinde. \u201eDas Projekt ist wichtig f\u00fcr die Besucherlenkung.\u201c Er hoffe auf einen Baustart noch in diesem Jahr.<br \/><\/span><span style=\"font-size: revert; color: initial;\">Konrad Stelzenbach, Polizeipr\u00e4sident in Nordhessen, hob hervor, dass Menschen, die sich in ihrem Ort sicher f\u00fchlen, auch bereit seien, zur Kl\u00e4rung von Kriminalf\u00e4llen beizutragen und als Zeugen auszusagen. Er verwies auf die Sicherheitsinitiative \u201eKompass\u201c des Hessischen Innenministeriums, an der die Gemeinde Willingen teilnimmt. Anhand einer B\u00fcrgerbefragung ist klar geworden, was die Menschen in Bezug auf ihre Sicherheit bewegt. Willingen wird demn\u00e4chst das Kompass-Siegel erhalten.<br \/><\/span><span style=\"font-size: revert; color: initial;\">Tino Hentrich, Polizeidirektor in Waldeck-Frankenberg, betonte, wie wichtig Pr\u00e4vention von Sucht und Gewalt sei. Hier setzt zum Beispiel der Pr\u00e4ventionskreis mit der Jugendarbeiterin Jennifer H\u00f6blich an. \u201eKinder und Jugendliche wollen wir so st\u00e4rken, dass sie gar nicht erst in die Sucht kommen.\u201c Der \u201eTag der Sicherheit\u201c mit Vortr\u00e4gen und St\u00e4nden von Hilfsorganisationen war der Auftakt zu den Upl\u00e4nder Pr\u00e4ventionstagen. Das Programm von Montag bis Mittwoch richtet sich vor allem an Kindergartengruppen.<\/span><\/div>\n","protected":false},"excerpt":{"rendered":"<p>Diskussionen, Vortr\u00e4ge und eine Preisverleihung beim Tag der Sicherheit WLZ, 09.05.2022: Willingen \u2013 Wenn die Gemeinde sicherer werden soll, muss zun\u00e4chst einmal klar sein, in welchen Bereichen es Probleme gibt und in welchen Situationen sich Menschen unwohl f\u00fchlen. Dar\u00fcber diskutierten am Sonntag Vertreter der Gemeinde Willingen, der Polizei und des [&hellip;]<\/p>\n","protected":false},"author":11,"featured_media":19747,"comment_status":"closed","ping_status":"open","sticky":false,"template":"","format":"standard","meta":{"footnotes":""},"categories":[41,39],"tags":[],"class_list":["post-19744","post","type-post","status-publish","format-standard","has-post-thumbnail","hentry","category-nachrichten-21-22","category-schulleben"],"_links":{"self":[{"href":"https:\/\/uplandschule.de\/index.php?rest_route=\/wp\/v2\/posts\/19744","targetHints":{"allow":["GET"]}}],"collection":[{"href":"https:\/\/uplandschule.de\/index.php?rest_route=\/wp\/v2\/posts"}],"about":[{"href":"https:\/\/uplandschule.de\/index.php?rest_route=\/wp\/v2\/types\/post"}],"author":[{"embeddable":true,"href":"https:\/\/uplandschule.de\/index.php?rest_route=\/wp\/v2\/users\/11"}],"replies":[{"embeddable":true,"href":"https:\/\/uplandschule.de\/index.php?rest_route=%2Fwp%2Fv2%2Fcomments&post=19744"}],"version-history":[{"count":1,"href":"https:\/\/uplandschule.de\/index.php?rest_route=\/wp\/v2\/posts\/19744\/revisions"}],"predecessor-version":[{"id":19748,"href":"https:\/\/uplandschule.de\/index.php?rest_route=\/wp\/v2\/posts\/19744\/revisions\/19748"}],"wp:featuredmedia":[{"embeddable":true,"href":"https:\/\/uplandschule.de\/index.php?rest_route=\/wp\/v2\/media\/19747"}],"wp:attachment":[{"href":"https:\/\/uplandschule.de\/index.php?rest_route=%2Fwp%2Fv2%2Fmedia&parent=19744"}],"wp:term":[{"taxonomy":"category","embeddable":true,"href":"https:\/\/uplandschule.de\/index.php?rest_route=%2Fwp%2Fv2%2Fcategories&post=19744"},{"taxonomy":"post_tag","embeddable":true,"href":"https:\/\/uplandschule.de\/index.php?rest_route=%2Fwp%2Fv2%2Ftags&post=19744"}],"curies":[{"name":"wp","href":"https:\/\/api.w.org\/{rel}","templated":true}]}}