{"id":19589,"date":"2022-03-26T00:00:00","date_gmt":"2022-03-25T23:00:00","guid":{"rendered":"https:\/\/uplandschule.de\/?p=19589"},"modified":"2022-03-26T11:50:15","modified_gmt":"2022-03-26T10:50:15","slug":"goebel-und-kesper-fuenfte","status":"publish","type":"post","link":"https:\/\/uplandschule.de\/?p=19589","title":{"rendered":"Upl\u00e4nder Duo im Pech"},"content":{"rendered":"\n<p><em>Olympisches Festival: Kesper und G\u00f6bel zum Abschluss Vierte<\/em><\/p>\n\n\n\n<figure class=\"wp-block-gallery columns-2 is-cropped wp-block-gallery-1 is-layout-flex wp-block-gallery-is-layout-flex\"><ul class=\"blocks-gallery-grid\"><li class=\"blocks-gallery-item\"><figure><img loading=\"lazy\" decoding=\"async\" width=\"560\" height=\"700\" src=\"https:\/\/uplandschule.de\/wp-content\/uploads\/2022\/03\/goebel_220325.jpg\" alt=\"\" data-id=\"19590\" data-full-url=\"https:\/\/uplandschule.de\/wp-content\/uploads\/2022\/03\/goebel_220325.jpg\" data-link=\"https:\/\/uplandschule.de\/?attachment_id=19590\" class=\"wp-image-19590\" srcset=\"https:\/\/uplandschule.de\/wp-content\/uploads\/2022\/03\/goebel_220325.jpg 560w, https:\/\/uplandschule.de\/wp-content\/uploads\/2022\/03\/goebel_220325-240x300.jpg 240w, https:\/\/uplandschule.de\/wp-content\/uploads\/2022\/03\/goebel_220325-120x150.jpg 120w\" sizes=\"auto, (max-width: 560px) 100vw, 560px\" \/><\/figure><\/li><li class=\"blocks-gallery-item\"><figure><img loading=\"lazy\" decoding=\"async\" width=\"666\" height=\"700\" src=\"https:\/\/uplandschule.de\/wp-content\/uploads\/2022\/03\/kesper_220325.jpg\" alt=\"\" data-id=\"19591\" data-full-url=\"https:\/\/uplandschule.de\/wp-content\/uploads\/2022\/03\/kesper_220325.jpg\" data-link=\"https:\/\/uplandschule.de\/?attachment_id=19591\" class=\"wp-image-19591\" srcset=\"https:\/\/uplandschule.de\/wp-content\/uploads\/2022\/03\/kesper_220325.jpg 666w, https:\/\/uplandschule.de\/wp-content\/uploads\/2022\/03\/kesper_220325-285x300.jpg 285w, https:\/\/uplandschule.de\/wp-content\/uploads\/2022\/03\/kesper_220325-143x150.jpg 143w\" sizes=\"auto, (max-width: 666px) 100vw, 666px\" \/><\/figure><\/li><\/ul><\/figure>\n\n\n\n<p><strong>WLZ, 26.03.2022: <\/strong><em>Lahti\/Willingen<\/em> \u2013 Die beiden Upl\u00e4nder Wintersportler bewegen sich beim Europ\u00e4ischen Olympischen Jugendfestival (EYOF) im finnischen Vuokatti nahe Lahti weiter quasi im Gleichschritt und m\u00fcssen ohne erf\u00fcllten Medaillentraum die Heimreise antreten. Nach jeweils Platz f\u00fcnf am Tag zuvor sprang f\u00fcr Biathlet Linus Kesper und Skispringerin Michelle G\u00f6bel am Freitag der undankbarste Platz heraus: Sie wurden Vierter im Team.<br>Noch motiviert durchdie errungene Bronze-Medaille der Jungen im Mannschafts-Wettbewerb ging das DSV-Quartett der Springerinnen gestern zum Abschluss des EYOF-Festivals im Mixed an den Start. Am Ende mussten sie sich mit m Olympia-Satz des Rennrodlers Felix Loch tr\u00f6sten: \u201eEiner muss ja Vierter werden.\u201c Hinter Favorit Slowenien (913,0) und \u00d6sterreich (897,0) schnappten \u00fcberraschend die Schweizer (857,0) mit 8,5 Punkten Vorsprung den DSV-Adlern (844,5) die Bronzemedaille weg. Norwegen (843,5) lag knapp dahinter.<br>\u201eIch bin ziemlich entt\u00e4uscht. Zwei Mal knapp an einer Medaille vorbei, das tut echt weh, aber n\u00fctzt ja nichts\u201c, musste die Michelle G\u00f6bel nach dem Wettkampf und ihrem f\u00fcnften Rang im Einzel erst wieder aufgebaut werden. Dabei hatte die Willingerin mit 84 und 88 Metern sowie 206,5 Punkten und Noten um die 17,0 keineswegs entt\u00e4uscht. Lia B\u00f6hme (82+83,5m), Adrian Tittel (90+94m) und Ben Bayer (88,5+86m) blieben ebenfalls im Rahmen ihrer M\u00f6glichkeiten. Immerhin nahmen die deutschen Skispringer insgesamt zwei Bronzemedaillen aus Lahti mit nach Hause.<br>Blieb f\u00fcr Michelle G\u00f6bel der Trost aus der Heimat und der R\u00fcckblick auf \u201eeine im Gro\u00dfen und Ganzen recht zufriedenstellende Saison\u201c mit der Bronzemedaille bei der Junioren-WM in Zakopane als Glanzlicht.<br>Auch f\u00fcr Linus Kesper hie\u00df es gestern: Blech statt Medaillentraum erf\u00fcllt. Mit der Mixed-Staffel der Biathleten schrammte der Willinger ganz knapp an der Medaille vorbei. Im Ziel nach 4&#215;6 Kilometern fehlten Deutschland f\u00fcnf Sekunden auf Rang das drittplatzierte Polen (1:13:26, 9 Stunden). Der Sieg ging an Frankreich (1:12:27,8), auf Rang zwei landete die Mannschaft aus Tschechien.<br>Als Startl\u00e4uferin trat Charlotte Gallbronner an, die nach 20:12,1 Minuten als Zehnte an Teamkollegin Lea Zimmermann \u00fcbergab. Zimmermann legte einen super Wettkampf hin und \u00fcbergab als Erste an Linus Kesper. Der 19-J\u00e4hrige kam im Liegendanschlag nicht mit den Nachladern aus, musste drei Strafrunden laufen, wodurch das Team auf Rang neun zur\u00fcckfiel. Auf der Schlussrunde k\u00e4mpfte sich Kesperr aber heran und \u00fcbergab als F\u00fcnfter an Schlussl\u00e4ufer Leonhard Pfund, der sein Team noch einen Platz nach vorn brachte. Im Ziel stand eine Gesamtzeit von 1:13:31,9 Stunden.<br>\u201eDas erste Schie\u00dfen hat leider gar nicht gut geklappt, da habe ich mich schon gefragt, was los ist. Alle Sch\u00fcsse waren ganz leicht links daneben\u201c, sagte Linus Kesper und erg\u00e4nzte: \u201eStehend hat es dann gut gepasst. Auch vom L\u00e4uferischen her ging\u2019s noch mal ganz gut, nur die zweite Runde war mit den drei Strafrunden in den Beinen schon recht hart.\u201c<br>Nat\u00fcrlich war die Entt\u00e4uschung wegen einer verpassten Medaille gro\u00df: \u201eDas w\u00e4re schon sch\u00f6n gewesen, der vierte Platz ist einfach \u00e4rgerlich, zumal nur f\u00fcnf Sekunden fehlen\u201c, so der 19-J\u00e4hrige. \u201eAber alles in allem war\u2019s schon eine runde Sache in Finnland. Ich habe viele neue Erfahrungen gemacht und tolle Eindr\u00fccke sammeln k\u00f6nnen, die Zeit ging viel zu schnell vor\u00fcber.\u201c \u2003<em>be\/frg<\/em><\/p>\n\n\n\n<p><\/p>\n\n\n\n<h2 class=\"wp-block-heading\">G\u00f6bel und Kesper F\u00fcnfte<\/h2>\n\n\n\n<p><em>Jugend-Festival:<\/em> <em>Beide Willinger f\u00fcr Mixed-Staffel nominiert<\/em><\/p>\n\n\n\n<p><strong>WLZ, 25.03.2022:<\/strong><em class=\"fett\"> Lahti\/Willingen<\/em><span>\u00a0<\/span>\u2013 Als ob sich die beiden Willinger abgesprochen h\u00e4tten. Skispringerin Michelle G\u00f6bel und Biathlet Linus Kesper kamen gestern beim Europ\u00e4ischen Jugend-Olympia-Festival (EYOF) in Finnland auf Platz f\u00fcnf ein. Der Lohn: Beide wurden f\u00fcr die Mixed-Staffeln in ihren Disziplinen nominiert, die heute den Schlusspunkt bei diesem Festival in Lahti\/Vuokatti bilden.<br \/>Die slowenische Junioren-Weltmeisterin Nika Prevc (255,5) dominierte mit 95 und 97 Meter die Skisprung-Entscheidung der M\u00e4dchen auf der gro\u00dfen Schanze und holte vor der Norwegerin Nora Midtsundstadt (228,5\/92+89,5) und der \u00d6sterreicherin Julia M\u00fchlbacher (221,5\/90+87,5) die Goldmedaille.<br \/>Die Willingerin Michelle G\u00f6bel, die im Training und der Probe immer unter den besten Drei rangierte und sogar Medaillenhoffnungen im deutschen Team geweckt hatte, kam mit 88,5 und 86,5 sowie 214,5 Punkten hinter der Schweizerin Sina Arnet (221,0\/ 87,5+90) auf Platz f\u00fcnf. Mit 88,5 m nach dem ersten Durchgang war sie noch Vierte, aber die 86,5 m im Finale reichten nicht mehr f\u00fcr eine Medaille.<br \/>\u201eNa ja, es war trotzdem ganz gut. Schade, dass es nicht ganz zum Podest gereicht hat\u201c, kommentierte die 18-J\u00e4hrige ihren Wettkampf. Sie war die beste deutsche Teilnehmerin.<br \/>Anders als bei den Jungen gibt es keinen Team-Wettbewerb f\u00fcr die M\u00e4dchen. Klara Lebelt (17.), Lia B\u00f6hme (20.) oder Henriette Holz (26.) lagen deutlich zur\u00fcck. Dennoch k\u00f6nnte G\u00f6bel die erhoffte Medaille noch in der Mixed-Staffel holen.<br \/>Am Vortag hatte der Skispringer Ben Bayer mit Bronze die erste deutsche Medaille \u00fcberhaupt bei diesem Festival gewonnen. Beim Sieg von Jonas Schuster, dem Sohn des fr\u00fcheren Bundestrainers Werner Schuster, verwies der \u00d6sterreicher den Tschechen Jan Habdas auf Platz zwei.<br \/>Der Willinger Biathlet Linus Kesper hat sich im Einzel \u00fcber 12,5 Kilometer mit Rang f\u00fcnf vermutlich selbst \u00fcberrascht. Er hatte sich im 62-k\u00f6pfigen Starterfeld nicht so viel ausgerechnet, weil er Zweifel an seiner Schie\u00dfleistung hatte. Doch die vier Fahrkarten am Schie\u00dfstand glich der 19-J\u00e4hrige mit gro\u00dfem l\u00e4uferischem K\u00f6nnen wieder aus. Er hat f\u00fcr die vier Schie\u00dffehler eine Strafzeit von drei Minuten kassiert. Seine Zeit: 37:43,5 Minuten. Im Ziel fehlten ihm lediglich 1:09 Minuten auf Sieger Lou Thievent aus Frankreich, der allerdings nur zwei Scheiben verfehlte. Somit war Linus Kesper erneut bester deutscher Teilnehmer, wie bereits am Dienstag im Sprint mit Rang neun.<br \/>\u201eEs war eine Achterbahn der Gef\u00fchle, bisher sind die Einzel diese Saison nicht gerade vom Feinsten gewesen. Und als ich beim ersten Liegendanschlag direkt mit drei Fehlern losgelegt habe, war meine Laune schon im Keller\u201c, sagte Kesper und erg\u00e4nzt: \u201eIch wollte das Rennen dann nur noch irgendwie \u00fcber die B\u00fchne bringen.\u201c<br \/>Doch es folgte ein fehlerfreier Stehendanschlag. \u201eIch habe super gestanden und mich dann gefreut, dass es so gut geklappt hat.\u201c Lediglich beim zweiten Liegendanschlag folgte noch ein Fehler, beim zweiten Stehendanschlag blieb er erneut fehlerfrei. \u201eUnd danach hie\u00df es dann nur noch laufen. Die letzte Runde war schon hart, aber insgesamt haben die Beine gut mitgemacht.\u201c<br \/>Dass es am Ende dann bei Rang f\u00fcnf blieb, \u201eh\u00e4tte ich mit vier Fehlern niemals erwartet\u201c, betonte der Willinger. \u201eDenn so gut habe ich mich beim Laufen doch nicht gef\u00fchlt.\u201c<br \/>Wegen seiner guten Ergebnisse in Sprint und Einzel sicherte sich Kesper auch einen Startplatz f\u00fcr die heutige Biathlon-Mixed-Staffel. \u201eIch werde einfach versuchen, die Leistung der letzten Tage noch einmal abzurufen &#8211; und dann wird\u2019s schon gut laufen.\u201c \u2003<em>be\/frg<\/em><\/p>\n","protected":false},"excerpt":{"rendered":"<p>Olympisches Festival: Kesper und G\u00f6bel zum Abschluss Vierte WLZ, 26.03.2022: Lahti\/Willingen \u2013 Die beiden Upl\u00e4nder Wintersportler bewegen sich beim Europ\u00e4ischen Olympischen Jugendfestival (EYOF) im finnischen Vuokatti nahe Lahti weiter quasi im Gleichschritt und m\u00fcssen ohne erf\u00fcllten Medaillentraum die Heimreise antreten. Nach jeweils Platz f\u00fcnf am Tag zuvor sprang f\u00fcr Biathlet [&hellip;]<\/p>\n","protected":false},"author":11,"featured_media":19592,"comment_status":"closed","ping_status":"open","sticky":false,"template":"","format":"standard","meta":{"footnotes":""},"categories":[41,21],"tags":[],"class_list":["post-19589","post","type-post","status-publish","format-standard","has-post-thumbnail","hentry","category-nachrichten-21-22","category-sport"],"_links":{"self":[{"href":"https:\/\/uplandschule.de\/index.php?rest_route=\/wp\/v2\/posts\/19589","targetHints":{"allow":["GET"]}}],"collection":[{"href":"https:\/\/uplandschule.de\/index.php?rest_route=\/wp\/v2\/posts"}],"about":[{"href":"https:\/\/uplandschule.de\/index.php?rest_route=\/wp\/v2\/types\/post"}],"author":[{"embeddable":true,"href":"https:\/\/uplandschule.de\/index.php?rest_route=\/wp\/v2\/users\/11"}],"replies":[{"embeddable":true,"href":"https:\/\/uplandschule.de\/index.php?rest_route=%2Fwp%2Fv2%2Fcomments&post=19589"}],"version-history":[{"count":2,"href":"https:\/\/uplandschule.de\/index.php?rest_route=\/wp\/v2\/posts\/19589\/revisions"}],"predecessor-version":[{"id":19599,"href":"https:\/\/uplandschule.de\/index.php?rest_route=\/wp\/v2\/posts\/19589\/revisions\/19599"}],"wp:featuredmedia":[{"embeddable":true,"href":"https:\/\/uplandschule.de\/index.php?rest_route=\/wp\/v2\/media\/19592"}],"wp:attachment":[{"href":"https:\/\/uplandschule.de\/index.php?rest_route=%2Fwp%2Fv2%2Fmedia&parent=19589"}],"wp:term":[{"taxonomy":"category","embeddable":true,"href":"https:\/\/uplandschule.de\/index.php?rest_route=%2Fwp%2Fv2%2Fcategories&post=19589"},{"taxonomy":"post_tag","embeddable":true,"href":"https:\/\/uplandschule.de\/index.php?rest_route=%2Fwp%2Fv2%2Ftags&post=19589"}],"curies":[{"name":"wp","href":"https:\/\/api.w.org\/{rel}","templated":true}]}}