{"id":19572,"date":"2022-03-24T00:00:00","date_gmt":"2022-03-23T23:00:00","guid":{"rendered":"https:\/\/uplandschule.de\/?p=19572"},"modified":"2022-03-23T12:46:40","modified_gmt":"2022-03-23T11:46:40","slug":"kesper-im-sprint-neunter","status":"publish","type":"post","link":"https:\/\/uplandschule.de\/?p=19572","title":{"rendered":"Kesper im Sprint Neunter"},"content":{"rendered":"\n<p><em>Willinger Biathlet \u00fcberzeugt bei Europ\u00e4ischem Jugendfestival<\/em><\/p>\n\n\n\n<figure class=\"wp-block-image size-full is-resized\"><img loading=\"lazy\" decoding=\"async\" src=\"https:\/\/uplandschule.de\/wp-content\/uploads\/2022\/02\/kesper_220222.jpg\" alt=\"\" class=\"wp-image-19371\" width=\"436\" height=\"392\" srcset=\"https:\/\/uplandschule.de\/wp-content\/uploads\/2022\/02\/kesper_220222.jpg 700w, https:\/\/uplandschule.de\/wp-content\/uploads\/2022\/02\/kesper_220222-300x270.jpg 300w, https:\/\/uplandschule.de\/wp-content\/uploads\/2022\/02\/kesper_220222-150x135.jpg 150w\" sizes=\"auto, (max-width: 436px) 100vw, 436px\" \/><figcaption>Bild: Archiv<\/figcaption><\/figure>\n\n\n\n<p><strong>WLZ, 23.03.2022:<\/strong> <em class=\"fett\">Lahti\/Willingen<\/em><span>\u00a0<\/span>\u2013 Der Willinger Biathlet Linus Kesper ist mit einem Top-ten-Platz in den Wettkampf beim Europ\u00e4ischen Olympischen Jugendfestival (EYOF) gestartet. Er lief im Sprint \u00fcber sieben Kilometer in 21:10.0 Minuten und mit drei Schie\u00dffehlern auf Rang neun und war damit bester deutscher Teilnehmer.<br \/>Kesper fehlten am Ende 1:12 Minuten auf den Sieger Peter Hak aus Tschechien, der in beiden Schie\u00dfeinheiten fehlerlos blieb.<br \/>Doch der Willinger mit seiner Leistung nicht so ganz war einverstanden. \u201eGrunds\u00e4tzlich bin ich mit dem Ergebnis zufrieden, vor allem l\u00e4uferisch, aber drei Schie\u00dffehler sind einfach zu viel. Es w\u00e4re von der Umsetzung her, mit wenig Aufwand, viel mehr drin gewesen.\u201c<br \/>Doch je l\u00e4nger er dar\u00fcber nachdenkt, desto mehr \u00fcberwiegt bei ihm auch die Freude \u00fcber diese Top-ten-Platzierung. \u201eEin neunter Platz in einem internationalen Rennen, das h\u00e4tte ich vor drei Jahren noch nicht erwartet.\u201c<br \/>Kesper war der beste deutsche Teilnehmer in diesem Rennen. Auch das ist f\u00fcr ihn nicht bedeutungslos. \u201eDer schnellste in seinem Team zu sein ist immer gut und hier ist es noch wichtig f\u00fcr einen Platz in der Mixed-Staffel.\u201c<br \/>Bevor die L\u00e4nder-Quartette an den Start gehen, steht am morgigen Donnerstag noch das Einzelrennen (12,5 km) auf dem Festivalprogramm.<br \/>Hier rechnet sich Linus Kesper nicht so viel aus. Ihm liege eher der Sprint, weil im Einzel scheitere es bei ihm noch an der Schie\u00dfleistung. Aber wer wei\u00df, ich bin f\u00fcr jede \u00dcberraschung offen.\u201c<br \/>Bei diesem Wintersportfestival in Finnland ist auch eine Sportlerin des SC Willingen am Start. Und bei der Skispringerin Michelle G\u00f6bel l\u00e4uft es ebenfalls prima.<br \/>Sie hat im offiziellen Training auf der gro\u00dfen Schanze in Lahti einen starken Eindruck hinterlassen. Hinter Junioren-Weltmeisterin Nina Prevc (94,5+95,5\/144,8) aus Slowenien belegte sie mit Weiten von 89,5 und 89 Meter sowie 117 Punkten den zweiten Platz. Dritte war \u00d6sterreichs Junioren-Weltmeisterin im Mixed, Julia M\u00fchlbacher (88+88\/112,8).<br \/>Die \u00fcbrigen DSV-Starterinnen in Finnland lagen mit Lia B\u00f6hme (5.), Klara Lebelt (20.) und Alwine Holz (25.) deutlich zur\u00fcck, sodass die 18-J\u00e4hrige Upland-Sch\u00fclerin gute Chancen hat, nach einem erfolgreichen Einzelspringen am morgigen Donnerstag auch im Mixed am Freitag starten zu d\u00fcrfen.<br \/>\u201eDie Schanze kenne ich ja von der Junioren-WM im letzten Jahr, aber da habe ich sie nicht gemocht. Heute war ein guter Tag und ich bin gut ins Training gestartet. Wie es im Wettkampf dann aussieht, werden wir sehen. Ich bin aber zuversichtlich dass es gut laufen wird.\u201c \u2003<em>be\/rsm<\/em><\/p>\n","protected":false},"excerpt":{"rendered":"<p>Willinger Biathlet \u00fcberzeugt bei Europ\u00e4ischem Jugendfestival WLZ, 23.03.2022: Lahti\/Willingen\u00a0\u2013 Der Willinger Biathlet Linus Kesper ist mit einem Top-ten-Platz in den Wettkampf beim Europ\u00e4ischen Olympischen Jugendfestival (EYOF) gestartet. Er lief im Sprint \u00fcber sieben Kilometer in 21:10.0 Minuten und mit drei Schie\u00dffehlern auf Rang neun und war damit bester deutscher Teilnehmer.Kesper [&hellip;]<\/p>\n","protected":false},"author":11,"featured_media":19371,"comment_status":"closed","ping_status":"open","sticky":false,"template":"","format":"standard","meta":{"footnotes":""},"categories":[41,21],"tags":[],"class_list":["post-19572","post","type-post","status-publish","format-standard","has-post-thumbnail","hentry","category-nachrichten-21-22","category-sport"],"_links":{"self":[{"href":"https:\/\/uplandschule.de\/index.php?rest_route=\/wp\/v2\/posts\/19572","targetHints":{"allow":["GET"]}}],"collection":[{"href":"https:\/\/uplandschule.de\/index.php?rest_route=\/wp\/v2\/posts"}],"about":[{"href":"https:\/\/uplandschule.de\/index.php?rest_route=\/wp\/v2\/types\/post"}],"author":[{"embeddable":true,"href":"https:\/\/uplandschule.de\/index.php?rest_route=\/wp\/v2\/users\/11"}],"replies":[{"embeddable":true,"href":"https:\/\/uplandschule.de\/index.php?rest_route=%2Fwp%2Fv2%2Fcomments&post=19572"}],"version-history":[{"count":1,"href":"https:\/\/uplandschule.de\/index.php?rest_route=\/wp\/v2\/posts\/19572\/revisions"}],"predecessor-version":[{"id":19573,"href":"https:\/\/uplandschule.de\/index.php?rest_route=\/wp\/v2\/posts\/19572\/revisions\/19573"}],"wp:featuredmedia":[{"embeddable":true,"href":"https:\/\/uplandschule.de\/index.php?rest_route=\/wp\/v2\/media\/19371"}],"wp:attachment":[{"href":"https:\/\/uplandschule.de\/index.php?rest_route=%2Fwp%2Fv2%2Fmedia&parent=19572"}],"wp:term":[{"taxonomy":"category","embeddable":true,"href":"https:\/\/uplandschule.de\/index.php?rest_route=%2Fwp%2Fv2%2Fcategories&post=19572"},{"taxonomy":"post_tag","embeddable":true,"href":"https:\/\/uplandschule.de\/index.php?rest_route=%2Fwp%2Fv2%2Ftags&post=19572"}],"curies":[{"name":"wp","href":"https:\/\/api.w.org\/{rel}","templated":true}]}}