{"id":19521,"date":"2022-03-21T00:00:00","date_gmt":"2022-03-20T23:00:00","guid":{"rendered":"https:\/\/uplandschule.de\/?p=19521"},"modified":"2022-03-17T10:12:23","modified_gmt":"2022-03-17T09:12:23","slug":"reichlich-uplaender-heimsiege","status":"publish","type":"post","link":"https:\/\/uplandschule.de\/?p=19521","title":{"rendered":"Reichlich Upl\u00e4nder Heimsiege"},"content":{"rendered":"\n<p><em>Pokal-Langlauf des SC Willingen wieder \u201efast normal\u201c<\/em><\/p>\n\n\n\n<figure class=\"wp-block-gallery columns-3 is-cropped wp-block-gallery-1 is-layout-flex wp-block-gallery-is-layout-flex\"><ul class=\"blocks-gallery-grid\"><li class=\"blocks-gallery-item\"><figure><img loading=\"lazy\" decoding=\"async\" width=\"700\" height=\"611\" src=\"https:\/\/uplandschule.de\/wp-content\/uploads\/2022\/03\/pokallauf1.jpg\" alt=\"\" data-id=\"19522\" data-full-url=\"https:\/\/uplandschule.de\/wp-content\/uploads\/2022\/03\/pokallauf1.jpg\" data-link=\"https:\/\/uplandschule.de\/?attachment_id=19522\" class=\"wp-image-19522\" srcset=\"https:\/\/uplandschule.de\/wp-content\/uploads\/2022\/03\/pokallauf1.jpg 700w, https:\/\/uplandschule.de\/wp-content\/uploads\/2022\/03\/pokallauf1-300x262.jpg 300w, https:\/\/uplandschule.de\/wp-content\/uploads\/2022\/03\/pokallauf1-150x131.jpg 150w\" sizes=\"auto, (max-width: 700px) 100vw, 700px\" \/><\/figure><\/li><li class=\"blocks-gallery-item\"><figure><img loading=\"lazy\" decoding=\"async\" width=\"566\" height=\"700\" src=\"https:\/\/uplandschule.de\/wp-content\/uploads\/2022\/03\/pokallauf2.jpg\" alt=\"\" data-id=\"19523\" data-full-url=\"https:\/\/uplandschule.de\/wp-content\/uploads\/2022\/03\/pokallauf2.jpg\" data-link=\"https:\/\/uplandschule.de\/?attachment_id=19523\" class=\"wp-image-19523\" srcset=\"https:\/\/uplandschule.de\/wp-content\/uploads\/2022\/03\/pokallauf2.jpg 566w, https:\/\/uplandschule.de\/wp-content\/uploads\/2022\/03\/pokallauf2-243x300.jpg 243w, https:\/\/uplandschule.de\/wp-content\/uploads\/2022\/03\/pokallauf2-121x150.jpg 121w\" sizes=\"auto, (max-width: 566px) 100vw, 566px\" \/><\/figure><\/li><li class=\"blocks-gallery-item\"><figure><img loading=\"lazy\" decoding=\"async\" width=\"566\" height=\"700\" src=\"https:\/\/uplandschule.de\/wp-content\/uploads\/2022\/03\/pokallauf3.jpg\" alt=\"\" data-id=\"19524\" data-full-url=\"https:\/\/uplandschule.de\/wp-content\/uploads\/2022\/03\/pokallauf3.jpg\" data-link=\"https:\/\/uplandschule.de\/?attachment_id=19524\" class=\"wp-image-19524\" srcset=\"https:\/\/uplandschule.de\/wp-content\/uploads\/2022\/03\/pokallauf3.jpg 566w, https:\/\/uplandschule.de\/wp-content\/uploads\/2022\/03\/pokallauf3-243x300.jpg 243w, https:\/\/uplandschule.de\/wp-content\/uploads\/2022\/03\/pokallauf3-121x150.jpg 121w\" sizes=\"auto, (max-width: 566px) 100vw, 566px\" \/><\/figure><\/li><\/ul><\/figure>\n\n\n\n<p><strong>WLZ, 16.03.2022: <\/strong><em class=\"fett\">Willingen<\/em><span>\u00a0<\/span>\u2013 Herrlichstes Winterwetter und eine super pr\u00e4parierte Strecke \u2013 die Bedingungen f\u00fcr den Pokal-Langlauf am Samstag in der EWF-Biathlon-Arena auf dem Roth, den der SC Willingen ausrichtete, h\u00e4tten nicht besser sein k\u00f6nnen. \u201eMit einer Teilnehmerzahl von \u00fcber 90 Startern sind wir mehr als zufrieden\u201c, sagte Wettkampfchef Markus Hensel und f\u00fcgte an: \u201eDas herrliche Wetter hat uns nach zwei Jahren mit Corona-Einschr\u00e4nkungen einen fast normalen Wettkampf erm\u00f6glicht.\u201c<br \/>Viel Applaus und Anfeuerungsrufe gab es unterwegs f\u00fcr die insgesamt 92 Sportler vom Hessischen (HSV) und Westdeutschen (WSV) Skiverband. Der SC Willingen verbuchte allein 13 Siege. Zwei davon bei der Jugend 18 \u00fcber f\u00fcnf Kilometer: C\u00e9line Behle lief in 27:20,1 Minuten ebenso auf Rang eins wie bei den Jungen Ole Saure (21:36,8 Minuten). Kristin Behle schnappte sich bei der Jugend 16 (5 km) in 25:43,3 Minuten den Sieg, Rang zwei ging an Teamkollegin Lena Schulze (26:48,3).<br \/>Jannis Kesper vom SC Willingen \u00fcbernahm \u00fcber die f\u00fcnf Kilometer der Jugend 16 direkt nach dem Start die F\u00fchrung und gab diese auch nicht mehr ab: Nach 20:18 Minuten war der Willinger als Schnellster im Ziel.<br \/>Bei den Sch\u00fclern 13 \u00fcber zwei Kilometer zeigte Lasse Kollmann (SCW) eine super Leistung und war nach 8:59,8 Minuten als Erster im Ziel. Greta Preising vom SC Usseln schnappte sich bei den Sch\u00fclerinnen 12 (2 km) in 11:44,3 Minuten den zweiten Rang. Einen super Wettkampf \u00fcber die 1,5 Kilometer der Sch\u00fclerinnen 11 zeigte Emma Paulus vom SC Willingen: Vom Start an setzte sie sich an die Spitze und \u00fcberquerte die Ziellinie nach 7:49 Minuten als Siegerin. Feresthe Ahmadi vom SC Usseln (10:32,2) wurde Zweite. Ebenfalls auf Rang zwei landete Erik Orth vom SC Willingen nach 8:28,9 Minuten bei den Sch\u00fclern 11.<br \/>Den Sieg \u00fcber die 1,5 Kilometer der Sch\u00fclerinnen 10 sicherte sich nach 9:11,1 Minute Eva Kesper (SCW), knapp eine Minute vor der zweitplatzierten Lotta H\u00e4u\u00dfler vom SC Usseln.<br \/>Einen tollen Wettkampf zeigte auch Tessa Witzel vom Gastgeberverein, die sich vom Start weg an die Spitze setzte und die Ziellinie nach 8:45,8 Minuten als Siegerin \u00fcberquerte. Auch bei den gleichaltrigen Jungs ging der Sieg an den SC Willingen \u2013 an Felix Rummel, der f\u00fcr die 1,5 Kilometer 7:58,8 Minuten ben\u00f6tigte. Teamkollege Fynn M\u00fcller (8:26,2) wurde Zweiter.<br \/>Bei der U8 \u00fcber einen Kilometer lie\u00df sich Lotta Witzel (SCW) den Sieg nicht nehmen und war in 5:56,1 Minuten schnell unterwegs. Ihre Teamkolleginnen Antonia Baes (6:40,8) folgte als Zweite. Bei den gleichaltrigen Jungs schnappte sich Malte Gerstengarbe (SCW\/5:39,8) den Sieg, knapp 22 Sekunden vor Teamkollege Mats Tr\u00f6geler. Den Sieg der U7 \u00fcber einen Kilometer sicherte sich Mathilda Schulenberg vom SC Usseln nach 5:54 Minuten. Bei den Jungs gewann Henri Orth vom SC Willingen (8:18,1).<br \/>Bei den Herren (5 km) landete J\u00f6rg Gerstengarbe (SCW) nach 20:05,7 Minuten einen Start-Ziel-Sieg. \u2003<em>frg<\/em><\/p>\n","protected":false},"excerpt":{"rendered":"<p>Pokal-Langlauf des SC Willingen wieder \u201efast normal\u201c WLZ, 16.03.2022: Willingen\u00a0\u2013 Herrlichstes Winterwetter und eine super pr\u00e4parierte Strecke \u2013 die Bedingungen f\u00fcr den Pokal-Langlauf am Samstag in der EWF-Biathlon-Arena auf dem Roth, den der SC Willingen ausrichtete, h\u00e4tten nicht besser sein k\u00f6nnen. \u201eMit einer Teilnehmerzahl von \u00fcber 90 Startern sind wir [&hellip;]<\/p>\n","protected":false},"author":11,"featured_media":19525,"comment_status":"closed","ping_status":"open","sticky":false,"template":"","format":"standard","meta":{"footnotes":""},"categories":[41,21],"tags":[],"class_list":["post-19521","post","type-post","status-publish","format-standard","has-post-thumbnail","hentry","category-nachrichten-21-22","category-sport"],"_links":{"self":[{"href":"https:\/\/uplandschule.de\/index.php?rest_route=\/wp\/v2\/posts\/19521","targetHints":{"allow":["GET"]}}],"collection":[{"href":"https:\/\/uplandschule.de\/index.php?rest_route=\/wp\/v2\/posts"}],"about":[{"href":"https:\/\/uplandschule.de\/index.php?rest_route=\/wp\/v2\/types\/post"}],"author":[{"embeddable":true,"href":"https:\/\/uplandschule.de\/index.php?rest_route=\/wp\/v2\/users\/11"}],"replies":[{"embeddable":true,"href":"https:\/\/uplandschule.de\/index.php?rest_route=%2Fwp%2Fv2%2Fcomments&post=19521"}],"version-history":[{"count":1,"href":"https:\/\/uplandschule.de\/index.php?rest_route=\/wp\/v2\/posts\/19521\/revisions"}],"predecessor-version":[{"id":19526,"href":"https:\/\/uplandschule.de\/index.php?rest_route=\/wp\/v2\/posts\/19521\/revisions\/19526"}],"wp:featuredmedia":[{"embeddable":true,"href":"https:\/\/uplandschule.de\/index.php?rest_route=\/wp\/v2\/media\/19525"}],"wp:attachment":[{"href":"https:\/\/uplandschule.de\/index.php?rest_route=%2Fwp%2Fv2%2Fmedia&parent=19521"}],"wp:term":[{"taxonomy":"category","embeddable":true,"href":"https:\/\/uplandschule.de\/index.php?rest_route=%2Fwp%2Fv2%2Fcategories&post=19521"},{"taxonomy":"post_tag","embeddable":true,"href":"https:\/\/uplandschule.de\/index.php?rest_route=%2Fwp%2Fv2%2Ftags&post=19521"}],"curies":[{"name":"wp","href":"https:\/\/api.w.org\/{rel}","templated":true}]}}