{"id":19429,"date":"2022-03-06T00:00:00","date_gmt":"2022-03-05T23:00:00","guid":{"rendered":"https:\/\/uplandschule.de\/?p=19429"},"modified":"2022-03-04T15:04:08","modified_gmt":"2022-03-04T14:04:08","slug":"punktlandung-fuer-michelle-goebel","status":"publish","type":"post","link":"https:\/\/uplandschule.de\/?p=19429","title":{"rendered":"Punktlandung f\u00fcr Michelle G\u00f6bel"},"content":{"rendered":"\n<p><em>Platz zehn f\u00fcr Willinger Skispringerin bei Junioren-WM<\/em><\/p>\n\n\n\n<figure class=\"wp-block-image size-full\"><img loading=\"lazy\" decoding=\"async\" width=\"700\" height=\"492\" src=\"https:\/\/uplandschule.de\/wp-content\/uploads\/2022\/03\/goebel_220304.jpg\" alt=\"\" class=\"wp-image-19430\" srcset=\"https:\/\/uplandschule.de\/wp-content\/uploads\/2022\/03\/goebel_220304.jpg 700w, https:\/\/uplandschule.de\/wp-content\/uploads\/2022\/03\/goebel_220304-300x211.jpg 300w, https:\/\/uplandschule.de\/wp-content\/uploads\/2022\/03\/goebel_220304-150x105.jpg 150w\" sizes=\"auto, (max-width: 700px) 100vw, 700px\" \/><figcaption>Guten Flug: Michelle G\u00f6bel sprang bei der Junioren-WM auf Rang zehn und hofft auf weitere Eins\u00e4tze im Mixed- und Teamwettbewerb. <em>Foto: pr<\/em><\/figcaption><\/figure>\n\n\n\n<div class=\"article-teaser ng-binding\" ng-bind-html=\"av.content.teaser | trustAsHTML\"><strong>WLZ, 04.03.2022: <\/strong><em class=\"fett\" style=\"font-size: revert; color: initial;\">Zakopane\/Willingen<\/em><span style=\"font-size: revert; color: initial;\">\u00a0<\/span><span style=\"font-size: revert; color: initial;\">\u2013 Der Willinger Skispringerin Michelle G\u00f6bel ist bei ihrer dritten Teilnahme an einer Junioren-Weltmeisterschaften eine Punktlandung gegl\u00fcckt.<br \/><\/span><span style=\"font-size: revert; color: initial;\">Die 18-J\u00e4hrige sprang gestern von der Normalschanze 90 und 91 Meter weit, sie erhielt daf\u00fcr 203,8 Punkte und landete im Klassement als Zehnte genau in den Top ten.<br \/><\/span><span style=\"font-size: revert; color: initial;\">Damit war sie wie in der Qualifikation beste deutsche Springerin und kann nach ihrer bisher besten WM-Platzierung jetzt zuversichtlich der Nominierung f\u00fcr die Team-Entscheidung am Samstag und dem Mixed am Sonntag entgegensehen \u2013 wenn sie dabei ist, hat sie sogar Medaillenchancen.<br \/><\/span><span style=\"font-size: revert; color: initial;\">\u201eIch freue mich riesig\u201c, sagte die angehende Abiturientin am Upland-Gymnasium und blickte nach den guten Trainingsleistungen an den beiden vorangegangenen Tagen der Entscheidung entgegen. \u201eDa ist vielleicht sogar noch Luft nach oben, mal sehen wie es l\u00e4uft\u201c, meinte G\u00f6bel noch nach dem Probesprung mit 86 m.<br \/><\/span><span style=\"font-size: revert; color: initial;\">Beim Favoritensieg von Nika Prevc (99+99,5\/240,5) aus der slowenischen Prevc-Skispringer-Dynastie vor ihrer Landsfrau Taja Bodlaj (97,5+98\/230,5) und der Kanadierin Alexandria Koutitt (94+95,5\/223,7) kam Pia Lilian K\u00fcbler (184,4) vor Anna-Fay Scharfenberg (174,6) auf Platz 17. Die vierte DSV-Springerin Christina Feicht wurde wegen eines regelwidrigen Schuhs disqualifiziert.<br \/><\/span><span style=\"font-size: revert; color: initial;\">Die im polnischen Fernsehen TVP \u00fcbertragene Junioren-Weltmeisterschaft wurde gestern auch in Willingen im Internet verfolgt, Zuschauer waren unter anderem Michelles Eltern sowie Skisprung-Teamkollegen und ihre Trainer. Sei dr\u00fcckten ihr alle die Daumen.<br \/><\/span><span style=\"font-size: revert; color: initial;\">Ein Lob gab es spontan von ihrem Trainer J\u00f6rg Pietschmann: \u201eRang zehn ist voll in Ordnung. Michelle hatte leider im ersten Durchgang nicht die besten Bedingungen. Man braucht eben immer auch etwas Gl\u00fcck. Das w\u00fcnsche ich ihr mit dem Team am Samstag.\u201c<br \/><\/span><span style=\"font-size: revert; color: initial;\">Michelle G\u00f6bel wurde vom Deutschen Olympischen Sportbund auch f\u00fcr das Winter European Youth Olympic Festival (EYOF) vom 20. bis 25. M\u00e4rz 2022 im finnischen Vuokatti nominiert. Sie ist eine von 48 Nachwuchssportlerinnen und -sportler im Team Deutschland.<br \/><\/span><span style=\"font-size: revert; color: initial;\">Damit werden die Willinger Farben in Finnland von zwei Sportlern vertreten, denn auch der Biathlet Linus Kesper ist mit dabei. \u2003<em>be<\/em><\/span><\/div>\n","protected":false},"excerpt":{"rendered":"<p>Platz zehn f\u00fcr Willinger Skispringerin bei Junioren-WM WLZ, 04.03.2022: Zakopane\/Willingen\u00a0\u2013 Der Willinger Skispringerin Michelle G\u00f6bel ist bei ihrer dritten Teilnahme an einer Junioren-Weltmeisterschaften eine Punktlandung gegl\u00fcckt.Die 18-J\u00e4hrige sprang gestern von der Normalschanze 90 und 91 Meter weit, sie erhielt daf\u00fcr 203,8 Punkte und landete im Klassement als Zehnte genau in [&hellip;]<\/p>\n","protected":false},"author":11,"featured_media":19430,"comment_status":"closed","ping_status":"open","sticky":false,"template":"","format":"standard","meta":{"footnotes":""},"categories":[41,21],"tags":[],"class_list":["post-19429","post","type-post","status-publish","format-standard","has-post-thumbnail","hentry","category-nachrichten-21-22","category-sport"],"_links":{"self":[{"href":"https:\/\/uplandschule.de\/index.php?rest_route=\/wp\/v2\/posts\/19429","targetHints":{"allow":["GET"]}}],"collection":[{"href":"https:\/\/uplandschule.de\/index.php?rest_route=\/wp\/v2\/posts"}],"about":[{"href":"https:\/\/uplandschule.de\/index.php?rest_route=\/wp\/v2\/types\/post"}],"author":[{"embeddable":true,"href":"https:\/\/uplandschule.de\/index.php?rest_route=\/wp\/v2\/users\/11"}],"replies":[{"embeddable":true,"href":"https:\/\/uplandschule.de\/index.php?rest_route=%2Fwp%2Fv2%2Fcomments&post=19429"}],"version-history":[{"count":1,"href":"https:\/\/uplandschule.de\/index.php?rest_route=\/wp\/v2\/posts\/19429\/revisions"}],"predecessor-version":[{"id":19431,"href":"https:\/\/uplandschule.de\/index.php?rest_route=\/wp\/v2\/posts\/19429\/revisions\/19431"}],"wp:featuredmedia":[{"embeddable":true,"href":"https:\/\/uplandschule.de\/index.php?rest_route=\/wp\/v2\/media\/19430"}],"wp:attachment":[{"href":"https:\/\/uplandschule.de\/index.php?rest_route=%2Fwp%2Fv2%2Fmedia&parent=19429"}],"wp:term":[{"taxonomy":"category","embeddable":true,"href":"https:\/\/uplandschule.de\/index.php?rest_route=%2Fwp%2Fv2%2Fcategories&post=19429"},{"taxonomy":"post_tag","embeddable":true,"href":"https:\/\/uplandschule.de\/index.php?rest_route=%2Fwp%2Fv2%2Ftags&post=19429"}],"curies":[{"name":"wp","href":"https:\/\/api.w.org\/{rel}","templated":true}]}}