{"id":19410,"date":"2022-03-05T00:00:00","date_gmt":"2022-03-04T23:00:00","guid":{"rendered":"https:\/\/uplandschule.de\/?p=19410"},"modified":"2022-03-03T16:16:58","modified_gmt":"2022-03-03T15:16:58","slug":"weite-spruenge-im-training","status":"publish","type":"post","link":"https:\/\/uplandschule.de\/?p=19410","title":{"rendered":"Weite Spr\u00fcnge im Training"},"content":{"rendered":"\n<p><em>Junioren-WM in Zakopane: Michelle G\u00f6bels guter Start<\/em><\/p>\n\n\n\n<figure class=\"wp-block-image size-full\"><img loading=\"lazy\" decoding=\"async\" width=\"700\" height=\"350\" src=\"https:\/\/uplandschule.de\/wp-content\/uploads\/2022\/03\/juniorinnen_220303.jpg\" alt=\"\" class=\"wp-image-19411\" srcset=\"https:\/\/uplandschule.de\/wp-content\/uploads\/2022\/03\/juniorinnen_220303.jpg 700w, https:\/\/uplandschule.de\/wp-content\/uploads\/2022\/03\/juniorinnen_220303-300x150.jpg 300w, https:\/\/uplandschule.de\/wp-content\/uploads\/2022\/03\/juniorinnen_220303-150x75.jpg 150w\" sizes=\"auto, (max-width: 700px) 100vw, 700px\" \/><figcaption>Diese Juniorinnen springen f\u00fcr Deutschland in Zakopane (von links) Christina Feicht, Lia B\u00f6hme, Anna-Fay Scharfenberg, Michelle G\u00f6bel und Pia Lilian K\u00fcbler; vorn die Trainer Andre Pschera und Tim Kopp. \u2003<em>Foto: pr<\/em><\/figcaption><\/figure>\n\n\n\n<p class=\"article-subtitle ng-binding\" ng-bind-html=\"av.content.subtitle | trustAsHTML\"><strong>WLZ, 02.02.2022:<\/strong><em class=\"fett\" style=\"font-size: revert; color: initial;\"> Zakopane<\/em><span style=\"font-size: revert; color: initial;\">\u00a0<\/span><span style=\"font-size: revert; color: initial;\">\u2013 Einen starken Eindruck hat Michelle G\u00f6bel im ersten offiziellen Training f\u00fcr die Junioren-Weltmeisterschaft in Zakopane hinterlassen. Mit 93,5 und 96 Meter erzielte die Skispringerin vom SC Willingen jeweils die f\u00fcnft- und viertbeste Weite, sie belegte die Pl\u00e4tze sieben und sechs unter 51 Sportlerinnen.<br \/><\/span><span style=\"font-size: revert; color: initial;\">Die Schanze in Zakopane scheint der vor kurzem 18 Jahre alt gewordenen Kaderathletin zu liegen. Beim FIS-Cup erreichte sie Platz neun auf der Anlage, auf der sie auch bereits einen Lehrgang absolvierte. \u201eUnter die Top Ten will ich schon kommen\u201c, sagte sie. Sie m\u00f6ge die Schanze und f\u00fchle sich gut.<br \/><\/span><span style=\"font-size: revert; color: initial;\">Am Dienstag war sie beste der f\u00fcnf Nachwuchsspringerinnen des Deutschen Ski-Verbands (DSV). Ihren Startplatz f\u00fcr das Einzel am Donnerstag (16 Uhr) hat sie schon jetzt sicher. F\u00fcr das Teamspringen am Samstag m\u00fcssen sich ihre Kolleginnen noch steigern, auch im Mixed (Sonntag) sollte Michelle G\u00f6bel nach dem bisherigen Eindruck dabei sein. \u201eDie Vorbereitung war auf jeden Fall gut, der Trainingsstand hier auch\u201c, berichtete sie.<br \/><\/span><span style=\"font-size: revert; color: initial;\">Im Einzelspringen d\u00fcrfen vier Teilnehmerinnen pro Nation an den Start gehen, im Training setzten einige noch f\u00fcnf ein. Heute folgt das zweite offizielle Training, danach m\u00fcssen die Meldungen erfolgen.<br \/><\/span><span style=\"font-size: revert; color: initial;\">F\u00fcr die Titelk\u00e4mpfe in Zakopane waren in Irina Makhinia und Danil Sadreew zwei olympische Medaillengewinner aus dem russischen Mixed-Team gemeldet, das Silber in Peking gewonnen hatte. Sie wurden aber zusammen mit zehn weiteren gemeldeten Springerinnen und Skispringern aus Russland und Weissrussland von den polnischen Verantaltern wegen des Ukraine-Kriegs aus den Startlisten gestrichen.<br \/><\/span><span style=\"font-size: revert; color: initial;\">\u201eDen Konflikt zwischen der Ukraine und Russland bekommen wir auch mit, vor allem weil wir ja auch nicht weit von der Grenze weg sind\u201c, berichtete Michelle G\u00f6bel. Der DSV checke jeden Tag die aktuelle Lage, \u201esodass wir uns wirklich sicher f\u00fchlen k\u00f6nnen\u201c. F\u00fcr den Ausschluss der russischen Aktiven nannte sie Sicherheitsaspekte. \u201eDeshalb wurden sie unter Aufsicht der Polizei zum Flughafen gebracht und fliegen nach Hause, um dort in Sicherheit zu sein.\u201c<br \/><\/span><span style=\"font-size: revert; color: initial;\">Die Willingerin ist zum dritten Mal bei den Titelk\u00e4mpfen dabei. Zumindest im Team und vielleicht auch im Mixed hat sie berechtigte Medaillenchancen. Nach den Olympischen Jugendspielen in Lausanne sowie den Weltmeisterschaften in Oberwiesenthal und Lahti bedeutet Zakopane das vierte internationale Gro\u00dfereignis in ihrer noch jungen Laufbahn.<br \/><\/span><span style=\"font-size: revert; color: initial;\">Vor seinem zweiten WM-Start steht Simon Spiewok aus Meinerzhagen. Er hat am Upland-Gymnasium sein Abitur gebaut und ist mittlerweile nach Hinterzarten in die Schwarzw\u00e4lder Heimat von Stephan Leyhe gezogen. Spiewok ist zuversichtlich: \u201eIch habe beim FIS-Cup hier einen guten Eindruck hinterlassen\u201c, sagte er. \u201eWir sind als Team gewachsen und m\u00fcssen uns nicht verstecken.\u201c <em>be<\/em><\/span><\/p>\n","protected":false},"excerpt":{"rendered":"<p>Junioren-WM in Zakopane: Michelle G\u00f6bels guter Start WLZ, 02.02.2022: Zakopane\u00a0\u2013 Einen starken Eindruck hat Michelle G\u00f6bel im ersten offiziellen Training f\u00fcr die Junioren-Weltmeisterschaft in Zakopane hinterlassen. Mit 93,5 und 96 Meter erzielte die Skispringerin vom SC Willingen jeweils die f\u00fcnft- und viertbeste Weite, sie belegte die Pl\u00e4tze sieben und sechs [&hellip;]<\/p>\n","protected":false},"author":11,"featured_media":19411,"comment_status":"closed","ping_status":"open","sticky":false,"template":"","format":"standard","meta":{"footnotes":""},"categories":[41,21],"tags":[],"class_list":["post-19410","post","type-post","status-publish","format-standard","has-post-thumbnail","hentry","category-nachrichten-21-22","category-sport"],"_links":{"self":[{"href":"https:\/\/uplandschule.de\/index.php?rest_route=\/wp\/v2\/posts\/19410","targetHints":{"allow":["GET"]}}],"collection":[{"href":"https:\/\/uplandschule.de\/index.php?rest_route=\/wp\/v2\/posts"}],"about":[{"href":"https:\/\/uplandschule.de\/index.php?rest_route=\/wp\/v2\/types\/post"}],"author":[{"embeddable":true,"href":"https:\/\/uplandschule.de\/index.php?rest_route=\/wp\/v2\/users\/11"}],"replies":[{"embeddable":true,"href":"https:\/\/uplandschule.de\/index.php?rest_route=%2Fwp%2Fv2%2Fcomments&post=19410"}],"version-history":[{"count":1,"href":"https:\/\/uplandschule.de\/index.php?rest_route=\/wp\/v2\/posts\/19410\/revisions"}],"predecessor-version":[{"id":19412,"href":"https:\/\/uplandschule.de\/index.php?rest_route=\/wp\/v2\/posts\/19410\/revisions\/19412"}],"wp:featuredmedia":[{"embeddable":true,"href":"https:\/\/uplandschule.de\/index.php?rest_route=\/wp\/v2\/media\/19411"}],"wp:attachment":[{"href":"https:\/\/uplandschule.de\/index.php?rest_route=%2Fwp%2Fv2%2Fmedia&parent=19410"}],"wp:term":[{"taxonomy":"category","embeddable":true,"href":"https:\/\/uplandschule.de\/index.php?rest_route=%2Fwp%2Fv2%2Fcategories&post=19410"},{"taxonomy":"post_tag","embeddable":true,"href":"https:\/\/uplandschule.de\/index.php?rest_route=%2Fwp%2Fv2%2Ftags&post=19410"}],"curies":[{"name":"wp","href":"https:\/\/api.w.org\/{rel}","templated":true}]}}