{"id":19025,"date":"2022-01-19T00:00:00","date_gmt":"2022-01-18T23:00:00","guid":{"rendered":"https:\/\/uplandschule.de\/?p=19025"},"modified":"2022-01-25T16:56:41","modified_gmt":"2022-01-25T15:56:41","slug":"deutsch-franzoesischer-tag-an-der-uplandschule","status":"publish","type":"post","link":"https:\/\/uplandschule.de\/?p=19025","title":{"rendered":"Deutsch-Franz\u00f6sischer Tag an der Uplandschule"},"content":{"rendered":"\n<figure class=\"wp-block-image size-full\"><img loading=\"lazy\" decoding=\"async\" width=\"900\" height=\"675\" src=\"https:\/\/uplandschule.de\/wp-content\/uploads\/2022\/01\/francoallemand.jpg\" alt=\"\" class=\"wp-image-19080\" srcset=\"https:\/\/uplandschule.de\/wp-content\/uploads\/2022\/01\/francoallemand.jpg 900w, https:\/\/uplandschule.de\/wp-content\/uploads\/2022\/01\/francoallemand-300x225.jpg 300w, https:\/\/uplandschule.de\/wp-content\/uploads\/2022\/01\/francoallemand-150x113.jpg 150w, https:\/\/uplandschule.de\/wp-content\/uploads\/2022\/01\/francoallemand-768x576.jpg 768w\" sizes=\"auto, (max-width: 900px) 100vw, 900px\" \/><\/figure>\n\n\n\n<p>In dieser Woche ist die Uplandschule in den Farben Frankreichs und Deutschlands geschm\u00fcckt.<br>Anl\u00e4sslich des Deutsch-Franz\u00f6sischen Tags weht auf dem Schulhof die deutsch-franz\u00f6sische Flagge und zahlreiche von den Sch\u00fclern gestaltete Plakate machen auf die Freundschaft zwischen Deutschland und Frankreich aufmerksam. Der Deutsch-Franz\u00f6sische Tag geht auf den 22. Januar 1963 zur\u00fcck. An diesem Tag unterzeichneten Bundeskanzler Konrad Adenauer und Staatspr\u00e4sident Charles de Gaulle den \u00c9lys\u00e9e-Vertrag und damit die Gr\u00fcndungserkl\u00e4rung des DFJW (Deutsch-Franz\u00f6sisches Jugendwerk). Seitdem konnten Millionen junge Menschen aus Deutschland und Frankreich an vielen Austauschprogrammen teilnehmen. Auch die Uplandschule bef\u00f6rdert die deutsch-franz\u00f6sische Freundschaft unter anderem mit einem regelm\u00e4\u00dfigen Sch\u00fcler- und Briefaustausch mit Vend\u00f4me an der Loire. Am diesj\u00e4hrigen Deutsch-Franz\u00f6sischen Tag setzen sich die Franz\u00f6sischsch\u00fcler in einem Internetteamwettbewerb mit den deutsch-franz\u00f6sischen Beziehungen, Europa und der Frankophonie auseinander.<br>In der Cafeteria gibt es passend zum Anlass Croissants und Pains au chocolat zu kaufen.<br>Au\u00dferdem haben die Sch\u00fcler eine digitale Pinnwand erstellt.<br>Dort finden sich Sch\u00fclerprodukte und Links rund um das Thema Frankreich.<\/p>\n\n\n\n<p>Hier geht\u2019s zur Pinnwand.<br><a rel=\"noreferrer noopener\" href=\"https:\/\/padlet.com\/Uplandschule\/kiubzj6j3b98kk1s\" target=\"_blank\">https:\/\/padlet.com\/Uplandschule\/kiubzj6j3b98kk1s<\/a><\/p>\n\n\n","protected":false},"excerpt":{"rendered":"<p>In dieser Woche ist die Uplandschule in den Farben Frankreichs und Deutschlands geschm\u00fcckt.Anl\u00e4sslich des Deutsch-Franz\u00f6sischen Tags weht auf dem Schulhof die deutsch-franz\u00f6sische Flagge und zahlreiche von den Sch\u00fclern gestaltete Plakate machen auf die Freundschaft zwischen Deutschland und Frankreich aufmerksam. Der Deutsch-Franz\u00f6sische Tag geht auf den 22. Januar 1963 zur\u00fcck. An [&hellip;]<\/p>\n","protected":false},"author":11,"featured_media":19026,"comment_status":"closed","ping_status":"open","sticky":false,"template":"","format":"standard","meta":{"footnotes":""},"categories":[36],"tags":[],"class_list":["post-19025","post","type-post","status-publish","format-standard","has-post-thumbnail","hentry","category-franzoesisch"],"_links":{"self":[{"href":"https:\/\/uplandschule.de\/index.php?rest_route=\/wp\/v2\/posts\/19025","targetHints":{"allow":["GET"]}}],"collection":[{"href":"https:\/\/uplandschule.de\/index.php?rest_route=\/wp\/v2\/posts"}],"about":[{"href":"https:\/\/uplandschule.de\/index.php?rest_route=\/wp\/v2\/types\/post"}],"author":[{"embeddable":true,"href":"https:\/\/uplandschule.de\/index.php?rest_route=\/wp\/v2\/users\/11"}],"replies":[{"embeddable":true,"href":"https:\/\/uplandschule.de\/index.php?rest_route=%2Fwp%2Fv2%2Fcomments&post=19025"}],"version-history":[{"count":3,"href":"https:\/\/uplandschule.de\/index.php?rest_route=\/wp\/v2\/posts\/19025\/revisions"}],"predecessor-version":[{"id":19081,"href":"https:\/\/uplandschule.de\/index.php?rest_route=\/wp\/v2\/posts\/19025\/revisions\/19081"}],"wp:featuredmedia":[{"embeddable":true,"href":"https:\/\/uplandschule.de\/index.php?rest_route=\/wp\/v2\/media\/19026"}],"wp:attachment":[{"href":"https:\/\/uplandschule.de\/index.php?rest_route=%2Fwp%2Fv2%2Fmedia&parent=19025"}],"wp:term":[{"taxonomy":"category","embeddable":true,"href":"https:\/\/uplandschule.de\/index.php?rest_route=%2Fwp%2Fv2%2Fcategories&post=19025"},{"taxonomy":"post_tag","embeddable":true,"href":"https:\/\/uplandschule.de\/index.php?rest_route=%2Fwp%2Fv2%2Ftags&post=19025"}],"curies":[{"name":"wp","href":"https:\/\/api.w.org\/{rel}","templated":true}]}}