{"id":17475,"date":"2023-05-03T09:00:00","date_gmt":"2023-05-03T07:00:00","guid":{"rendered":"https:\/\/uplandschule.de\/?p=17475"},"modified":"2023-05-03T09:03:13","modified_gmt":"2023-05-03T07:03:13","slug":"wahl-der-zweiten-fremdsprache-2","status":"publish","type":"post","link":"https:\/\/uplandschule.de\/?p=17475","title":{"rendered":"Wahl der zweiten Fremdsprache"},"content":{"rendered":"\n<figure class=\"wp-block-image\"><img loading=\"lazy\" decoding=\"async\" width=\"900\" height=\"506\" src=\"https:\/\/uplandschule.de\/wp-content\/uploads\/2021\/05\/fremdsprachenwahl.jpg\" alt=\"\" class=\"wp-image-17476\" srcset=\"https:\/\/uplandschule.de\/wp-content\/uploads\/2021\/05\/fremdsprachenwahl.jpg 900w, https:\/\/uplandschule.de\/wp-content\/uploads\/2021\/05\/fremdsprachenwahl-150x84.jpg 150w, https:\/\/uplandschule.de\/wp-content\/uploads\/2021\/05\/fremdsprachenwahl-300x169.jpg 300w, https:\/\/uplandschule.de\/wp-content\/uploads\/2021\/05\/fremdsprachenwahl-768x432.jpg 768w\" sizes=\"auto, (max-width: 900px) 100vw, 900px\" \/><\/figure>\n\n\n\n<p>Liebe Sch\u00fcler*innen der G6 und R6.<\/p>\n\n\n\n<p>In der <strong>G6<\/strong> w\u00e4hlt ihr in diesem Schuljahr eine zweite Fremdsprache, die dann ab Klasse 7 in eurem Stundenplan als weiteres Hauptfach hinzukommt.<br>Ihr habt die <strong>Wahl zwischen Latein und Franz\u00f6sisch.<\/strong><br>In der <strong>R6<\/strong> habt ihr die M\u00f6glichkeit, neben anderen F\u00e4chern <strong>Franz\u00f6sisch als Wahlpflichtfach<\/strong> zu w\u00e4hlen. Latein steht hier nicht zur Wahl.<br>Um euch \u00fcber die beiden Sprachen zu informieren und euch ein paar Hilfen bei der Entscheidung zu geben, haben wir eine Pr\u00e4sentation erstellt, die ihr euch <a rel=\"noreferrer noopener\" aria-label=\"hier  (\u00f6ffnet in neuem Tab)\" href=\"https:\/\/uplandschule.de\/wp-content\/uploads\/2021\/05\/Wahl-2.-Fremdsprache.pdf\" target=\"_blank\">hi<\/a><a rel=\"noreferrer noopener\" href=\"https:\/\/uplandschule.de\/wp-content\/uploads\/2023\/05\/Wahl-2.-Fremdsprache.pdf\" target=\"_blank\">er<\/a><a rel=\"noreferrer noopener\" aria-label=\"hier  (\u00f6ffnet in neuem Tab)\" href=\"https:\/\/uplandschule.de\/wp-content\/uploads\/2021\/05\/Wahl-2.-Fremdsprache.pdf\" target=\"_blank\"> <\/a>anschauen k\u00f6nnt.<br><br>Alle weiteren Informationen findet ihr in dem Elternbrief \u201e<strong>Wahl der 2. Fremdsprache (G-Zweig) und Wahlpflichtunterricht\u00a0 (R-Zweig)\u201c, <\/strong>den ihr in der Schule bekommen habt.<strong>\u00a0 <\/strong><\/p>\n\n\n\n<p><\/p>\n\n\n\n<div data-wp-interactive=\"core\/file\" class=\"wp-block-file\"><object data-wp-bind--hidden=\"!state.hasPdfPreview\" hidden class=\"wp-block-file__embed\" data=\"https:\/\/uplandschule.de\/wp-content\/uploads\/2023\/05\/Wahl-2.-Fremdsprache.pdf\" type=\"application\/pdf\" style=\"width:100%;height:600px\" aria-label=\"Einbettung von Einbettung von Information zur Wahl der 2. Fremdsprache..\"><\/object><a id=\"wp-block-file--media-6cf98d77-0cb6-4f8f-996b-3a0883963ff7\" href=\"https:\/\/uplandschule.de\/wp-content\/uploads\/2023\/05\/Wahl-2.-Fremdsprache.pdf\">Information zur Wahl der 2. Fremdsprache<\/a><a href=\"https:\/\/uplandschule.de\/wp-content\/uploads\/2023\/05\/Wahl-2.-Fremdsprache.pdf\" class=\"wp-block-file__button\" download aria-describedby=\"wp-block-file--media-6cf98d77-0cb6-4f8f-996b-3a0883963ff7\">Herunterladen<\/a><\/div>\n","protected":false},"excerpt":{"rendered":"<p>Liebe Sch\u00fcler*innen der G6 und R6. In der G6 w\u00e4hlt ihr in diesem Schuljahr eine zweite Fremdsprache, die dann ab Klasse 7 in eurem Stundenplan als weiteres Hauptfach hinzukommt.Ihr habt die Wahl zwischen Latein und Franz\u00f6sisch.In der R6 habt ihr die M\u00f6glichkeit, neben anderen F\u00e4chern Franz\u00f6sisch als Wahlpflichtfach zu w\u00e4hlen. [&hellip;]<\/p>\n","protected":false},"author":15,"featured_media":17476,"comment_status":"closed","ping_status":"open","sticky":false,"template":"","format":"standard","meta":{"footnotes":""},"categories":[36,37],"tags":[],"class_list":["post-17475","post","type-post","status-publish","format-standard","has-post-thumbnail","hentry","category-franzoesisch","category-latein"],"_links":{"self":[{"href":"https:\/\/uplandschule.de\/index.php?rest_route=\/wp\/v2\/posts\/17475","targetHints":{"allow":["GET"]}}],"collection":[{"href":"https:\/\/uplandschule.de\/index.php?rest_route=\/wp\/v2\/posts"}],"about":[{"href":"https:\/\/uplandschule.de\/index.php?rest_route=\/wp\/v2\/types\/post"}],"author":[{"embeddable":true,"href":"https:\/\/uplandschule.de\/index.php?rest_route=\/wp\/v2\/users\/15"}],"replies":[{"embeddable":true,"href":"https:\/\/uplandschule.de\/index.php?rest_route=%2Fwp%2Fv2%2Fcomments&post=17475"}],"version-history":[{"count":6,"href":"https:\/\/uplandschule.de\/index.php?rest_route=\/wp\/v2\/posts\/17475\/revisions"}],"predecessor-version":[{"id":21849,"href":"https:\/\/uplandschule.de\/index.php?rest_route=\/wp\/v2\/posts\/17475\/revisions\/21849"}],"wp:featuredmedia":[{"embeddable":true,"href":"https:\/\/uplandschule.de\/index.php?rest_route=\/wp\/v2\/media\/17476"}],"wp:attachment":[{"href":"https:\/\/uplandschule.de\/index.php?rest_route=%2Fwp%2Fv2%2Fmedia&parent=17475"}],"wp:term":[{"taxonomy":"category","embeddable":true,"href":"https:\/\/uplandschule.de\/index.php?rest_route=%2Fwp%2Fv2%2Fcategories&post=17475"},{"taxonomy":"post_tag","embeddable":true,"href":"https:\/\/uplandschule.de\/index.php?rest_route=%2Fwp%2Fv2%2Ftags&post=17475"}],"curies":[{"name":"wp","href":"https:\/\/api.w.org\/{rel}","templated":true}]}}