{"id":16892,"date":"2021-02-05T00:00:19","date_gmt":"2021-02-04T23:00:19","guid":{"rendered":"https:\/\/uplandschule.de\/?p=16892"},"modified":"2021-02-04T10:39:41","modified_gmt":"2021-02-04T09:39:41","slug":"michelle-goebel-und-simon-spiewok-vertreten-willinger-farben","status":"publish","type":"post","link":"https:\/\/uplandschule.de\/?p=16892","title":{"rendered":"Michelle G\u00f6bel und Simon Spiewok vertreten Willinger Farben"},"content":{"rendered":"\n<p><em>Junioren-WM in im finnischen Lathi<\/em><\/p>\n\n\n\n<figure class=\"wp-block-image\"><img loading=\"lazy\" decoding=\"async\" width=\"901\" height=\"600\" src=\"https:\/\/uplandschule.de\/wp-content\/uploads\/2020\/09\/goebel_08_2020_0003.jpg\" alt=\"\" class=\"wp-image-15615\" srcset=\"https:\/\/uplandschule.de\/wp-content\/uploads\/2020\/09\/goebel_08_2020_0003.jpg 901w, https:\/\/uplandschule.de\/wp-content\/uploads\/2020\/09\/goebel_08_2020_0003-150x100.jpg 150w, https:\/\/uplandschule.de\/wp-content\/uploads\/2020\/09\/goebel_08_2020_0003-300x200.jpg 300w, https:\/\/uplandschule.de\/wp-content\/uploads\/2020\/09\/goebel_08_2020_0003-768x511.jpg 768w\" sizes=\"auto, (max-width: 901px) 100vw, 901px\" \/><\/figure>\n\n\n\n<p><strong>WLZ, 04.02.2021: <\/strong>Willingen\u00a0&#8211; Viele Trainer suchen in diesen Corona-Zeiten nach Motivationshilfen f\u00fcr ihre Sportler. Da kam Michelle G\u00f6bel die pr\u00e4parierte M\u00fchlenkopfschanze als Sprungbrett f\u00fcr die in der kommenden Wochen (8. bis 14. Februar) startende Nordische Ski-Weltmeisterschaft der Junioren im finnischen Lahti gerade recht. F\u00fcnfmal ging die 16-j\u00e4hrigen Skispringerin des SC Willingen erstmals \u00fcber den Bakken ihrer Hausschanze.<br>Ein unvergesslicher Moment, oder? Aber euphorisch klingt irgendwie anders: \u201eIch bin ja schon \u00f6fters auf Gro\u00dfschanzen gesprungen\u201c, sagt G\u00f6bel. Mehr Gl\u00fccksgef\u00fchle waren nicht dabei? \u201eEs waren jetzt nicht die Wahnsinnsspr\u00fcnge, aber klar, es war schon etwas besonderes, erstmals auf der Heimschanze zu trainieren.\u201c<br>Auch die Schanzen in Lahti kennt G\u00f6bel nicht. Ist das ein Nachteil? \u201eEs kann einer sein, muss aber nicht. Mal sehen, wie ich dort mit der 90-m-Schanze zurecht komme.\u201c<br>G\u00f6bel ist momentan nicht so recht mit ihrer sportlichen Entwicklung zufrieden. \u201eIch bin gegen\u00fcber den Vorjahren etwas stehen geblieben, das ist jetzt nicht so schlimm, denn das geh\u00f6rt auch dazu.\u201c Leider sei bei ihr die Fehlerquote derzeit zu hoch, meint die 16-j\u00e4hrige Sch\u00fclerin selbstkritisch. \u201eVor allen beim Absprung stimmt es nicht, ich verliere da zu viel Geschwindigkeit.\u201c<br>Die Willingerin ist mit ihren technischen Problemen momentan bestimmt nicht allein, denn in Lahti treffen sich Springerinnen, die alle nicht so recht wissen wo sie stehen, weil ihnen Corona die Saison gestohlen hat. Da auch keine Sommerwettk\u00e4mpfe stattfanden, stochern viele mit der eigenen Form im Ungewissen, wei\u00df niemand, welche Entwicklungsspr\u00fcnge die Konkurrentinnen genommen haben.<br>Die Willinger Sch\u00fclerin weilt momentan beim WM-Vorbereitungslehrgang in Oberstdorf. Dort stehen neben dem Training auch Themen wie etwa, Hygieneregeln w\u00e4hrend der WM, auf dem Stundenplan.<br>Michelle G\u00f6bel hat mit der deutschen Mannschaft eine WM-Bronzemedaille im Teamspringen aus dem vergangenen Jahr zu verteidigen. Oder geht da diesmal sogar etwas mehr? \u201eDas kann ich nicht sagen, Norwegen, \u00d6sterreich und Slowenien haben auch gute Teams.\u201c Die deutsche Mannschaft sei gerade an einem heiklen Punkt, jede habe noch Luft nach oben, aber \u201ewenn wir alle unsere besten Spr\u00fcnge zeigen, k\u00f6nnte es sogar auch f\u00fcr den obersten Podestplatz reichen\u201c.<br>Die Sch\u00fclerin kann ihre eigene Leistungsf\u00e4higkeit gut einordnen. Sie wei\u00df, dass sie im Einzelwettbewerb im Feld der 15- bis 19 J\u00e4hrigen nicht um eine Medaille springen wird. Im vergangenen Jahr war f\u00fcr sie der 21. Platz schon ein Erfolg. Und da sie in diesem Jahr eine schlechtere Form mitbringe, w\u00e4re sie mit einem Platz in den Top 30 bereits zufrieden. Michelle G\u00f6bel ist bei der WM diesmal nicht die einzige Teilnehmerin aus Willingen. Simon Spiewok wurde vom Deutschen Skiverband auch f\u00fcr Lahti nominiert. Der Springer aus dem westf\u00e4lischen Meinerzhagen besucht das Skiinternat in Willingen und startet f\u00fcr den TuS Neuenrade . Das freut nat\u00fcrlich auch ihre Trainer J\u00f6rg Pietschmann, Heinz Koch (St\u00fctzpunkt) und Daniel Luckey.<br>\u201eDass wir erstmals zwei Sportler bei einer Junioren-WM dabeihaben, ist schon au\u00dfergew\u00f6hnlich\u201c, sagt Koch, \u201eweil unsere Trainingsm\u00f6glichkeiten nicht so optimal sind wie etwa in Bayern.\u201c Koch gibt f\u00fcr seine zwei Sch\u00fctzlinge eine verhalten positive WM-Prognose ab: \u201eWenn Simon die Schanze liegt, kann er \u00fcberraschen\u201c, sagt der Coach. Auch bei Michelle komme es auf die Tagesform an. \u201eF\u00fcr beide muss es das Ziel sein, in die aussichtsreichen Teams zu kommen. Da hat man die besten Medaillenchancen.\u201c<br>G\u00f6bel und Spiewok wollen sich nicht auf Platzierungen festlegen, sondern nur gute Spr\u00fcnge abliefern Spiewok w\u00e4re wohl auch f\u00fcr den Willinger Continentalcup nominiert worden, der am kommenden Wochenende auf der M\u00fchlenkopfschanze stattfindet.<br>Ob Willingen oder Lahti, Zuschauer sind an beiden Schanzen diesmal nicht erlaubt. Einerseits sind die leeren Trib\u00fcnen f\u00fcr Michelle G\u00f6bel nichts Neues. \u201eBei uns sind sowieso nie viele Zuschauer dabei.\u201c Andererseits sagt sie aber auch: \u201eIch finde es toll, vor Zuschauern zu springen, weil sie bei mir vor allem bei hochrangigen Wettk\u00e4mpfen den Druck positiv erh\u00f6hen. \u201c<br>W\u00e4hrend sich das Material mit einem Lastwagen bereits am Freitag nach Finnland aufmacht, fliegt die Mannschaft ihren Skiern und Anz\u00fcgen erst am Sonntag hinterher.<br>Der Wettkampf f\u00fcr die Frauen findet am Mittwoch (17 Uhr) statt, einen Tag sp\u00e4ter sind zur gleichen Zeit die M\u00e4nner an der Reihe und die Team-Springen der M\u00e4nner und Frauen finden am Freitag ab 17 Uhr statt.\u00a0\u2003<em>rsm\/be<\/em><\/p>\n","protected":false},"excerpt":{"rendered":"<p>Junioren-WM in im finnischen Lathi WLZ, 04.02.2021: Willingen\u00a0&#8211; Viele Trainer suchen in diesen Corona-Zeiten nach Motivationshilfen f\u00fcr ihre Sportler. Da kam Michelle G\u00f6bel die pr\u00e4parierte M\u00fchlenkopfschanze als Sprungbrett f\u00fcr die in der kommenden Wochen (8. bis 14. Februar) startende Nordische Ski-Weltmeisterschaft der Junioren im finnischen Lahti gerade recht. F\u00fcnfmal ging [&hellip;]<\/p>\n","protected":false},"author":11,"featured_media":15615,"comment_status":"closed","ping_status":"open","sticky":false,"template":"","format":"standard","meta":{"footnotes":""},"categories":[28,21],"tags":[],"class_list":["post-16892","post","type-post","status-publish","format-standard","has-post-thumbnail","hentry","category-nachrichten-2020-2021","category-sport"],"_links":{"self":[{"href":"https:\/\/uplandschule.de\/index.php?rest_route=\/wp\/v2\/posts\/16892","targetHints":{"allow":["GET"]}}],"collection":[{"href":"https:\/\/uplandschule.de\/index.php?rest_route=\/wp\/v2\/posts"}],"about":[{"href":"https:\/\/uplandschule.de\/index.php?rest_route=\/wp\/v2\/types\/post"}],"author":[{"embeddable":true,"href":"https:\/\/uplandschule.de\/index.php?rest_route=\/wp\/v2\/users\/11"}],"replies":[{"embeddable":true,"href":"https:\/\/uplandschule.de\/index.php?rest_route=%2Fwp%2Fv2%2Fcomments&post=16892"}],"version-history":[{"count":1,"href":"https:\/\/uplandschule.de\/index.php?rest_route=\/wp\/v2\/posts\/16892\/revisions"}],"predecessor-version":[{"id":16893,"href":"https:\/\/uplandschule.de\/index.php?rest_route=\/wp\/v2\/posts\/16892\/revisions\/16893"}],"wp:featuredmedia":[{"embeddable":true,"href":"https:\/\/uplandschule.de\/index.php?rest_route=\/wp\/v2\/media\/15615"}],"wp:attachment":[{"href":"https:\/\/uplandschule.de\/index.php?rest_route=%2Fwp%2Fv2%2Fmedia&parent=16892"}],"wp:term":[{"taxonomy":"category","embeddable":true,"href":"https:\/\/uplandschule.de\/index.php?rest_route=%2Fwp%2Fv2%2Fcategories&post=16892"},{"taxonomy":"post_tag","embeddable":true,"href":"https:\/\/uplandschule.de\/index.php?rest_route=%2Fwp%2Fv2%2Ftags&post=16892"}],"curies":[{"name":"wp","href":"https:\/\/api.w.org\/{rel}","templated":true}]}}