{"id":14977,"date":"2020-02-19T16:30:49","date_gmt":"2020-02-19T15:30:49","guid":{"rendered":"http:\/\/uplandschule.de\/?p=14977"},"modified":"2020-02-19T16:38:24","modified_gmt":"2020-02-19T15:38:24","slug":"schnuppertag-an-der-ups-2","status":"publish","type":"post","link":"https:\/\/uplandschule.de\/?p=14977","title":{"rendered":"Schnuppertag an der UPS"},"content":{"rendered":"\n<h4 class=\"wp-block-heading\">Das Kennenlernen der Schule und der Angebote stand im Vordergrund des Schnuppertages an der Uplandschule<\/h4>\n\n\n\n<p>Die\nViertkl\u00e4ssler der umliegenden Grundschulen erlebten einen spannenden Nachmittag\nund waren die Hauptpersonen beim Schnuppertag, zu dem die Willinger\nUplandschule am 11.02.2020 einlud.<\/p>\n\n\n\n<p>Organisiert\nwurde der Schnuppertag von Frau Christiane Schulenberg, die mit Unterst\u00fctzung\nzahlreicher Kolleginnen und Kollegen, der Sch\u00fclervertretung sowie des Elternbeirats\nein abwechslungsreiches Programm vorbereitet hat. <\/p>\n\n\n\n<p>Etwa\n55 Jungen und M\u00e4dchen aus dem Upland, dem Raum Diemelsee und Korbach sowie aus\nden angrenzenden westf\u00e4lischen St\u00e4dten und Gemeinden besuchten an dem\nNachmittag die kooperative Gesamtschule und machten sich gemeinsam mit ihren\nEltern ein Bild vom Angebot der Schule. Gespr\u00e4che mit der Schulleitung und den\nLehrkr\u00e4ften halfen f\u00fcr die Entscheidung bez\u00fcglich der weiterf\u00fchrenden Schule. <\/p>\n\n\n\n<figure class=\"wp-block-image\"><img loading=\"lazy\" decoding=\"async\" width=\"1024\" height=\"1024\" src=\"http:\/\/uplandschule.de\/wp-content\/uploads\/2020\/02\/IMG_1694-1024x1024.jpg\" alt=\"\" class=\"wp-image-14973\" srcset=\"https:\/\/uplandschule.de\/wp-content\/uploads\/2020\/02\/IMG_1694-1024x1024.jpg 1024w, https:\/\/uplandschule.de\/wp-content\/uploads\/2020\/02\/IMG_1694-150x150.jpg 150w, https:\/\/uplandschule.de\/wp-content\/uploads\/2020\/02\/IMG_1694-300x300.jpg 300w, https:\/\/uplandschule.de\/wp-content\/uploads\/2020\/02\/IMG_1694-768x768.jpg 768w, https:\/\/uplandschule.de\/wp-content\/uploads\/2020\/02\/IMG_1694-160x160.jpg 160w, https:\/\/uplandschule.de\/wp-content\/uploads\/2020\/02\/IMG_1694-320x320.jpg 320w, https:\/\/uplandschule.de\/wp-content\/uploads\/2020\/02\/IMG_1694.jpg 2048w\" sizes=\"auto, (max-width: 1024px) 100vw, 1024px\" \/><\/figure>\n\n\n\n<p>Schulleiterin\nBarbara Pavlu begr\u00fc\u00dfte die Eltern und gab Informationen zum p\u00e4dagogischen\nUnterst\u00fctzungsangebot. Klassen- und Fachlehrer, Sozialp\u00e4dagogen und ggf.\nF\u00f6rderschullehrkraft arbeiten an der Schule Hand in Hand. Sie informierte \u00fcber\ndie Schulzweige und das p\u00e4dagogische Konzept der Uplandschule, die Sch\u00fclerinnen\nund Sch\u00fcler zu f\u00f6rdern und zu fordern. Die Uplandschule weist sich auch im\ngymnasialen Bereich durch ein sehr gutes Angebot aus, das in der Oberstufe in\nsechs verschiedenen Leistungskurse m\u00fcndet. Alle m\u00f6glichen Schulabschl\u00fcsse von\nden mittleren Abschl\u00fcssen bis hin zum Fachabitur und der allgemeinen\nHochschulreife sind an der Kooperativen Gesamtschule m\u00f6glich.<\/p>\n\n\n\n<p>Frau Schulenberg\ninformierte \u00fcber das umfangreiche Nachmittagsangebot. Die Uplandschule ist\neine kooperative Gesamtschule mit Ganztagsprofil 1, d.h. einer p\u00e4dagogischen\nMittagsbetreuung an vier Tagen bis 15.30 Uhr. Neben unserem sportlichen Profil\nals Eliteschule des Sports, wird den Sch\u00fcler*innen ein vielseitiges Angebot zur\nErweiterung und Spezialisierung ihrer individuellen Lernerfahrungen. In\nallen Schulzweigen besteht im unterrichtlichen Bereich der Klassen 8, 9 oder 10\ndie M\u00f6glichkeit sich interessenorientiert in Wahl- oder Wahlpflichtkurse wie\nBiologie, Astronomie, Chemie, Kunst, Informatik oder Franz\u00f6sisch einzuw\u00e4hlen. <\/p>\n\n\n\n<ul class=\"wp-block-gallery columns-2 is-cropped wp-block-gallery-1 is-layout-flex wp-block-gallery-is-layout-flex\"><li class=\"blocks-gallery-item\"><figure><img loading=\"lazy\" decoding=\"async\" width=\"1024\" height=\"768\" src=\"http:\/\/uplandschule.de\/wp-content\/uploads\/2020\/02\/IMG_1843-1024x768.jpg\" alt=\"\" data-id=\"14976\" data-link=\"http:\/\/uplandschule.de\/wp-content\/uploads\/2020\/02\/IMG_1843.jpg\" class=\"wp-image-14976\" srcset=\"https:\/\/uplandschule.de\/wp-content\/uploads\/2020\/02\/IMG_1843-1024x768.jpg 1024w, https:\/\/uplandschule.de\/wp-content\/uploads\/2020\/02\/IMG_1843-150x113.jpg 150w, https:\/\/uplandschule.de\/wp-content\/uploads\/2020\/02\/IMG_1843-300x225.jpg 300w, https:\/\/uplandschule.de\/wp-content\/uploads\/2020\/02\/IMG_1843-768x576.jpg 768w\" sizes=\"auto, (max-width: 1024px) 100vw, 1024px\" \/><\/figure><\/li><li class=\"blocks-gallery-item\"><figure><img loading=\"lazy\" decoding=\"async\" width=\"1024\" height=\"768\" src=\"http:\/\/uplandschule.de\/wp-content\/uploads\/2020\/02\/IMG_1827-1024x768.jpg\" alt=\"\" data-id=\"14974\" data-link=\"http:\/\/uplandschule.de\/wp-content\/uploads\/2020\/02\/IMG_1827.jpg\" class=\"wp-image-14974\" srcset=\"https:\/\/uplandschule.de\/wp-content\/uploads\/2020\/02\/IMG_1827-1024x768.jpg 1024w, https:\/\/uplandschule.de\/wp-content\/uploads\/2020\/02\/IMG_1827-150x113.jpg 150w, https:\/\/uplandschule.de\/wp-content\/uploads\/2020\/02\/IMG_1827-300x225.jpg 300w, https:\/\/uplandschule.de\/wp-content\/uploads\/2020\/02\/IMG_1827-768x576.jpg 768w\" sizes=\"auto, (max-width: 1024px) 100vw, 1024px\" \/><\/figure><\/li><\/ul>\n\n\n\n<p>Kreative,\nmusikalische, sportliche, technische und spielerische Angebote, f\u00fcr alle\nInteressen gibt es Angebote. Auch Hausaufgabenhilfe und \u2013betreuung sowie\nUnterst\u00fctzungsangebote in verschiedenen F\u00e4chern sind im au\u00dferunterrichtlichen\nBereich der Schule integriert. <\/p>\n\n\n\n<p>Das Lernkonzept gliedert sich in drei wesentliche S\u00e4ulen:\n\u201eSoziales Lernen\u201c, \u201eF\u00f6rdern und Fordern\u201c und \u201eSport\u201c. Innerhalb der ersten\nS\u00e4ule nehmen alle unsere Sch\u00fcler*innen von der 5. bis zur 10. Klasse an\nverschiedenen sozialen Projekten teil. Die beiden anderen S\u00e4ulen werden durch\nvielf\u00e4ltige Angebote aus unserem Ganztagsbereich gef\u00fcllt. Hieraus belegt jede\/r\nSch\u00fcler*in bis zur Klasse 10 mindestens zwei Module, welche abschlie\u00dfend in\neinem Sch\u00fclerportfolio dokumentiert werden.<\/p>\n\n\n\n<table class=\"wp-block-table\"><tbody><tr><td>\n  <strong>S\u00e4ule\n  \u201eSoziales Lernen\u201c<\/strong>\n  <\/td><td>\n  <strong>&nbsp;<\/strong>\n  <\/td><td>\n  <strong>S\u00e4ule\n  \u201eF\u00f6rdern und Fordern\u201c<\/strong>\n  <\/td><td>\n  <strong>&nbsp;<\/strong>\n  <\/td><td>\n  <strong>S\u00e4ule \u201eSport\u201c<\/strong>\n  <\/td><\/tr><tr><td>\n  Teamtraining\n  <\/td><td>\n  &nbsp;\n  <\/td><td>\n  Schach-AG\n  <\/td><td>\n  &nbsp;\n  <\/td><td>   Talentaufbau-gruppe   <\/td><\/tr><tr><td>\n  Ausdrucksstark\n  <\/td><td>\n  &nbsp;\n  <\/td><td>\n  Robotix-AG\n  <\/td><td>\n  &nbsp;\n  <\/td><td>   Talentf\u00f6rder-<br>gruppe   <\/td><\/tr><tr><td>   Cool sein -cool <br>bleiben   <\/td><td>\n  &nbsp;\n  <\/td><td>\n  Informatik-AG\n  <\/td><td>\n  &nbsp;\n  <\/td><td>\n  Snow-Ice-Fun\n  <\/td><\/tr><tr><td>\n  Stadt-Land-Liebe\n  <\/td><td>\n  &nbsp;\n  <\/td><td>\n  Illustrations-AG\n  <\/td><td>\n  &nbsp;\n  <\/td><td>Tischtennis-AG   <\/td><\/tr><tr><td>\n  Tom und Lisa\n  <\/td><td>\n  &nbsp;\n  <\/td><td>\n  T\u00fcfftel-AG\n  <\/td><td>\n  &nbsp;\n  <\/td><td>\n  Volleyball-AG\n  <\/td><\/tr><tr><td>\n  Moneymaster\n  <\/td><td>\n  &nbsp;\n  <\/td><td>\n  Werkstatt Ern\u00e4hrung\n  <\/td><td>\n  &nbsp;\n  <\/td><td>\n  Hip-Hop-AG\n  <\/td><\/tr><tr><td>   Soziales Prakti-<br>kum   <\/td><td>\n  &nbsp;\n  <\/td><td>\n  Geschichtswerkstatt\n  <\/td><td>\n  &nbsp;\n  <\/td><td>\n  Ballett-AG\n  <\/td><\/tr><tr><td>\n  &nbsp;\n  <\/td><td>\n  &nbsp;\n  <\/td><td>\n  Matheb\u00fcro\n  <\/td><td>\n  &nbsp;\n  <\/td><td>Mountainbike-AG   <\/td><\/tr><tr><td>\n  &nbsp;\n  <\/td><td>\n  &nbsp;\n  <\/td><td>\n  Musical-AG\n  <\/td><td>\n  &nbsp;\n  <\/td><td>\n  &nbsp;\n  <\/td><\/tr><tr><td>\n  &nbsp;\n  <\/td><td>\n  &nbsp;\n  <\/td><td>\n  Schauspiel-AG\n  <\/td><td>\n  &nbsp;\n  <\/td><td>\n  &nbsp;\n  <\/td><\/tr><tr><td>\n  &nbsp;\n  <\/td><td>\n  &nbsp;\n  <\/td><td>\n  Reparaturwerkstatt\n  <\/td><td>\n  &nbsp;\n  <\/td><td>\n  &nbsp;\n  <\/td><\/tr><tr><td>\n  &nbsp;\n  <\/td><td>\n  &nbsp;\n  <\/td><td>\n  Foto-AG\n  <\/td><td>\n  &nbsp;\n  <\/td><td>\n  &nbsp;\n  <\/td><\/tr><\/tbody><\/table>\n\n\n\n<p>Herr\nSchulenberg informierte \u00fcber die Angebote im nordischen Skisport mit den\nM\u00f6glichkeiten, diesen Sport an der Schule weiter zu betrieben oder in Klasse 5\nneu zu beginnen.<\/p>\n\n\n\n<p>Die von\nder Sch\u00fclervertretung begleiteten Kinder lernten die Schule bei einer spannenden\nSchulrallye kennen, die Eltern wurden von den Lehrer*innen durchs Haus gef\u00fchrt.\nBei einem gemeinsamen Kaffeetrinken in der Caf\u00e9teria, in der im Schulalltag die\nMittagsverpflegung eingenommen wird, endete der Nachmittag.<\/p>\n","protected":false},"excerpt":{"rendered":"<p>Das Kennenlernen der Schule und der Angebote stand im Vordergrund des Schnuppertages an der Uplandschule Die Viertkl\u00e4ssler der umliegenden Grundschulen erlebten einen spannenden Nachmittag und waren die Hauptpersonen beim Schnuppertag, zu dem die Willinger Uplandschule am 11.02.2020 einlud. Organisiert wurde der Schnuppertag von Frau Christiane Schulenberg, die mit Unterst\u00fctzung zahlreicher [&hellip;]<\/p>\n","protected":false},"author":7,"featured_media":14975,"comment_status":"closed","ping_status":"open","sticky":false,"template":"","format":"standard","meta":{"footnotes":""},"categories":[16,11,18],"tags":[],"class_list":["post-14977","post","type-post","status-publish","format-standard","has-post-thumbnail","hentry","category-schul-informationen","category-nachrichten","category-schulveranstaltungen"],"_links":{"self":[{"href":"https:\/\/uplandschule.de\/index.php?rest_route=\/wp\/v2\/posts\/14977","targetHints":{"allow":["GET"]}}],"collection":[{"href":"https:\/\/uplandschule.de\/index.php?rest_route=\/wp\/v2\/posts"}],"about":[{"href":"https:\/\/uplandschule.de\/index.php?rest_route=\/wp\/v2\/types\/post"}],"author":[{"embeddable":true,"href":"https:\/\/uplandschule.de\/index.php?rest_route=\/wp\/v2\/users\/7"}],"replies":[{"embeddable":true,"href":"https:\/\/uplandschule.de\/index.php?rest_route=%2Fwp%2Fv2%2Fcomments&post=14977"}],"version-history":[{"count":4,"href":"https:\/\/uplandschule.de\/index.php?rest_route=\/wp\/v2\/posts\/14977\/revisions"}],"predecessor-version":[{"id":14983,"href":"https:\/\/uplandschule.de\/index.php?rest_route=\/wp\/v2\/posts\/14977\/revisions\/14983"}],"wp:featuredmedia":[{"embeddable":true,"href":"https:\/\/uplandschule.de\/index.php?rest_route=\/wp\/v2\/media\/14975"}],"wp:attachment":[{"href":"https:\/\/uplandschule.de\/index.php?rest_route=%2Fwp%2Fv2%2Fmedia&parent=14977"}],"wp:term":[{"taxonomy":"category","embeddable":true,"href":"https:\/\/uplandschule.de\/index.php?rest_route=%2Fwp%2Fv2%2Fcategories&post=14977"},{"taxonomy":"post_tag","embeddable":true,"href":"https:\/\/uplandschule.de\/index.php?rest_route=%2Fwp%2Fv2%2Ftags&post=14977"}],"curies":[{"name":"wp","href":"https:\/\/api.w.org\/{rel}","templated":true}]}}