{"id":14315,"date":"2019-06-18T18:41:25","date_gmt":"2019-06-18T16:41:25","guid":{"rendered":"http:\/\/uplandschule.de\/?p=14315"},"modified":"2019-06-18T18:41:26","modified_gmt":"2019-06-18T16:41:26","slug":"besuch-in-der-gedenkstaette-konzentrationslager-buchenwald","status":"publish","type":"post","link":"https:\/\/uplandschule.de\/?p=14315","title":{"rendered":"Besuch in der Gedenkst\u00e4tte Konzentrationslager Buchenwald"},"content":{"rendered":"\n<p><strong>Besuch in der Gedenkst\u00e4tte\nKonzentrationslager Buchenwald<\/strong><\/p>\n\n\n\n<p><em><strong>Eine Exkursion der Jahrgangsstufe 9 der\nUplandschule Willingen am 4. Juni 2019<\/strong><\/em><\/p>\n\n\n\n<p>Eine Reise in die deutsche Vergangenheit\nunternahmen Sch\u00fclerinnen und Sch\u00fcler der Jahrgangsstufe 9 der Uplandschule\nWillingen. Unter der Leitung von Ekatarina Deschner und Pfarrer R\u00f6hling ging es\nin die Gedenkst\u00e4tte Konzentrationslager Buchenwald. Vor Ort machten sie sich\nein Bild davon, was vor rund 80 Jahren in unserem Land unter\nnationalsozialistischer Herrschaft geschah. Das Konzentrationslager Buchenwald\nwar kein Vernichtungslager wie etwa das KZ Auschwitz &#8211; Birkenau; viele\npolitische Gegner des Regimes aus vielen L\u00e4ndern Europas und dar\u00fcber hinaus\nwaren in Buchenwald inhaftiert, wurden zu zahlreichen Arbeitseins\u00e4tzen\ngezwungen &#8211; oft in der R\u00fcstungsindustrie. Auch dem Regime unbequeme Kritiker\naus den verschiedenen Religionen: Christen und Juden, aber auch Homosexuelle\nwaren im Lager gefangen. Es starben von ihnen rund 56.000 Menschen. Die Sch\u00fcler\nstellten sich die beeindruckende Gr\u00f6\u00dfe eines gut gef\u00fcllten, gro\u00dfen deutschen\nFu\u00dfballstadions vor. Ungleich mehr Menschen litten unter den \u00e4u\u00dferst\nerniedrigenden Haftbedingungen, innerhalb derer sie unmenschlich gequ\u00e4lt\nwurden. In unmittelbarer Nachbarschaft pflegte die SS ein idyllisches\nFamilienleben samt Streichelzoo und B\u00e4rengehege.<\/p>\n\n\n\n<p>Die Gruppe aus Willingen besichtigte auf\neinem Rundgang durch die Gedenkst\u00e4tte verschiedene Stationen des Lagers wie den\nBunker mit den Arrestzellen und das Krematorium. Ein Film, der Augenzeugen zu\nWort kommen lie\u00df und Originalaufnahmen der Zeit zeigte, lie\u00df das Geschehene\nnoch plastischer werden.<\/p>\n\n\n\n<p>Viele Sch\u00fclerinnen und Sch\u00fcler zeigten sich\nim Anschluss an den Besuch tief beeindruckt. Sie begriffen, wozu Menschen in\nunserem Land zur Zeit der Hitler-Diktatur f\u00e4hig waren, welches B\u00f6se Menschen\nvollbringen k\u00f6nnen. Gemeinsam dachten sie dar\u00fcber nach, was sie tun k\u00f6nnen,\ndass so etwas nie wieder geschehen kann. Dabei stellten sie fest, dass es auch\nheute wieder in unserem Land antisemitische \u00dcbergriffe gibt, dass es etwa\ngef\u00e4hrlich sein kann, eine Kippa zu tragen. Schule ohne Rassismus&#8230;.dieses\nMotto kannten sie von der Uplandschule bereits. Aber viele von ihnen fingen an,\nnoch etwas mehr zu&nbsp; begreifen, wie wichtig es auch heute ist, dass\nMenschen sich f\u00fcr Toleranz einsetzen. Auch wenn der Weg weit war, war es\neinhellige Meinung, dass die Gedenkst\u00e4tte hilft, in der Erinnerung an dieses dunkle\nKapitel der deutschen Geschichte nicht nachzulassen. Der Besuch war f\u00fcr sie ein\nMosaikstein auf dem Weg, die deutsche Vergangenheit besser zu verstehen und\ndazu, dass Menschen einander&nbsp;durch gute Taten und eine\ngute Haltung&nbsp;helfen, ihren Beitrag zum Frieden zu\nleisten.&#8220;&nbsp;<\/p>\n","protected":false},"excerpt":{"rendered":"<p>Besuch in der Gedenkst\u00e4tte Konzentrationslager Buchenwald Eine Exkursion der Jahrgangsstufe 9 der Uplandschule Willingen am 4. Juni 2019 Eine Reise in die deutsche Vergangenheit unternahmen Sch\u00fclerinnen und Sch\u00fcler der Jahrgangsstufe 9 der Uplandschule Willingen. Unter der Leitung von Ekatarina Deschner und Pfarrer R\u00f6hling ging es in die Gedenkst\u00e4tte Konzentrationslager Buchenwald. [&hellip;]<\/p>\n","protected":false},"author":7,"featured_media":0,"comment_status":"closed","ping_status":"open","sticky":false,"template":"","format":"standard","meta":{"footnotes":""},"categories":[11],"tags":[],"class_list":["post-14315","post","type-post","status-publish","format-standard","hentry","category-nachrichten"],"_links":{"self":[{"href":"https:\/\/uplandschule.de\/index.php?rest_route=\/wp\/v2\/posts\/14315","targetHints":{"allow":["GET"]}}],"collection":[{"href":"https:\/\/uplandschule.de\/index.php?rest_route=\/wp\/v2\/posts"}],"about":[{"href":"https:\/\/uplandschule.de\/index.php?rest_route=\/wp\/v2\/types\/post"}],"author":[{"embeddable":true,"href":"https:\/\/uplandschule.de\/index.php?rest_route=\/wp\/v2\/users\/7"}],"replies":[{"embeddable":true,"href":"https:\/\/uplandschule.de\/index.php?rest_route=%2Fwp%2Fv2%2Fcomments&post=14315"}],"version-history":[{"count":1,"href":"https:\/\/uplandschule.de\/index.php?rest_route=\/wp\/v2\/posts\/14315\/revisions"}],"predecessor-version":[{"id":14316,"href":"https:\/\/uplandschule.de\/index.php?rest_route=\/wp\/v2\/posts\/14315\/revisions\/14316"}],"wp:attachment":[{"href":"https:\/\/uplandschule.de\/index.php?rest_route=%2Fwp%2Fv2%2Fmedia&parent=14315"}],"wp:term":[{"taxonomy":"category","embeddable":true,"href":"https:\/\/uplandschule.de\/index.php?rest_route=%2Fwp%2Fv2%2Fcategories&post=14315"},{"taxonomy":"post_tag","embeddable":true,"href":"https:\/\/uplandschule.de\/index.php?rest_route=%2Fwp%2Fv2%2Ftags&post=14315"}],"curies":[{"name":"wp","href":"https:\/\/api.w.org\/{rel}","templated":true}]}}