{"id":12885,"date":"2017-07-01T11:43:11","date_gmt":"2017-07-01T09:43:11","guid":{"rendered":"http:\/\/uplandschule.de\/?p=12885"},"modified":"2017-07-01T11:43:11","modified_gmt":"2017-07-01T09:43:11","slug":"pavillon-fuer-fahrschueler","status":"publish","type":"post","link":"https:\/\/uplandschule.de\/?p=12885","title":{"rendered":"Pavillon f\u00fcr Fahrsch\u00fcler"},"content":{"rendered":"<table class=\"skeleton\" border=\"0\" cellspacing=\"0\" cellpadding=\"0\">\n<tbody>\n<tr class=\"s_headerNav\">\n<td class=\"s_headerNav\"><\/td>\n<\/tr>\n<tr>\n<td class=\"s_contentInner\">\n<div id=\"c1178\" class=\"csc-default\">\n<div class=\"csc-textpic csc-textpic-intext-right\">\n<div class=\"csc-textpic-imagewrap\">\n<dl class=\"csc-textpic-image csc-textpic-firstcol csc-textpic-lastcol\">\n<dt>\n<p><div style=\"width: 310px\" class=\"wp-caption alignright\"><a href=\"http:\/\/uplandschule.de\/typo3temp\/pics\/1059bb2181.jpg\"><img loading=\"lazy\" decoding=\"async\" src=\"http:\/\/uplandschule.de\/typo3temp\/pics\/681e69f09b.jpg\" width=\"300\" height=\"181\" border=\"0\" \/><\/a><p class=\"wp-caption-text\">Vorstellung des neuen Pavillons f\u00fcr Fahrsch\u00fcler. Unser Bild zeigt einige Jungen und M\u00e4dchen mit (von rechts nach links) dem 2. Vorsitzenden des F\u00f6rdervereins, Helmut Schiefner, Dirk Wilke (Geb\u00e4udemanagement), der Vorsitzenden des Schulelternbeirats, Annegret Behle, stellvertretender Schulleiterin Ilse Klingenberg, Schulleiter Norbert Volkwein, Holger Pavlu, der sich mit einer Spende beteiligt hat, und B\u00fcrgermeister Thomas Trachte. Foto: Ulrike Schiefner<\/p><\/div><\/dt>\n<\/dl>\n<\/div>\n<div class=\"csc-textpic-text\">\n<p class=\"bodytext\">Dringender Wunsch: Zus\u00e4tzliche Klassenr\u00e4ume<\/p>\n<p>Die Fahrsch\u00fcler der Uplandschule stehen nicht mehr im Regen. In den letzten Wochen wurde ein attraktiver Pavillon als Wetterschutz gebaut. Die Kosten belaufen sich auf rund 10.000 Euro.<\/p>\n<p>Von Ulrike Schiefner<br \/>\nWillingen. Bei dem Projekt handelt es sich wieder um eine echte Gemeinschaftsleistung. Der Vorschlag kam vom Elternbeirat. Der Landkreis Waldeck-Frankenberg stellte die Fl\u00e4che zur Verf\u00fcgung. Die Uplandgemeinde \u00fcbernahm die Erdarbeiten. Die Schule steuerte aus Mitteln des Konjunkturprogramms 2000 Euro bei. Holger Pavlu &#8211; er ist selbst ein ehemaliger Uplandsch\u00fcler &#8211; beteiligte sich mit einer Spende in H\u00f6he von 1000 Euro. Der F\u00f6rderverein \u00fcbernahm den L\u00f6wenanteil der Kosten.<br \/>\n\u201eEs ist das bisher gr\u00f6\u00dfte Einzelprojekt, das wir gestemmt haben&#8220;, so 2. Vorsitzender Helmut Schiefner.Als einen Hintergrund f\u00fcr das starke Engagement nannte er das am Horizont aufziehende Frontensystem &#8211; die demografische Entwicklung. \u201eEinem kr\u00e4ftigen Seniorenhoch steht ein ausgepr\u00e4gtes Jugendtief gegen\u00fcber.&#8220; Aus Sicht des Vereins wird es nur gelingen, eine Schule mit einem Komplettangebot von der ersten Klasse bis zur allgemeinen Hochschulreife mit Sch\u00fclern zu f\u00fcllen, wenn auch in Zukunft verst\u00e4rkt Kinder aus der Umgebung nach Willingen kommen. \u201eBei den vielf\u00e4ltigen Bem\u00fchungen, hier einen stabilen Rettungsschirm aufzuspannen, ist der Bau des Unterstands f\u00fcr Fahrsch\u00fcler ein zus\u00e4tzlicher kleiner Mosaikstein.&#8220;<br \/>\nB\u00fcrgermeister Thomas Trachte w\u00fcrdigte den Bau als weiteres Projekt in der Reihe intensiver gemeinschaftlicher Bem\u00fchungen um die UPS. \u201eWir haben hier eine vorbildliche Schule&#8220;, betonte er &#8211; eine Aussage, die auch durch das soeben vorgelegte Ergebnis der zweiten Schulinspektion best\u00e4tigt wird.<br \/>\n\u201eWir haben sehr gut abgeschnitten&#8220;, freut sich Schulleiter Norbert Volkwein. Zu dem Erfolg trug auch der \u00e4u\u00dfere Rahmen bei, der durch den Unterstand weiter verbessert wird. Volkwein dankte allen Beteiligten f\u00fcr ihr Engagement.Derzeit wird die Turnhalle der ehemaligen Mittelpunktschule von Grund auf saniert.<br \/>\nDer zust\u00e4ndige Sachgebietsleiter beim Geb\u00e4udemanagement des Landkreises Waldeck-Frankenberg, Dirk Wilke, bezifferte die Kosten auf 1,45 Millionen Euro. Sie werden im vollen Umfang aus dem Konjunkturprogramm finanziert. \u201eWir liegen gut im Zeitplan.&#8220; Wilke geht davon aus, dass die Ma\u00dfnahme in den Herbstferien fertiggestellt wird. B\u00fcrgermeister Trachte wies darauf hin, dass die Sanierung nicht nur der Schule zugute kommt, sondern zudem ein St\u00fcck aktive Vereinsf\u00f6rderung bedeutet.<br \/>\nEin gro\u00dfer Wunsch der Schulgemeinde ist noch offen: Schulleitung, Kollegium und Elternbeirat setzen sich daf\u00fcr ein, die Dependance in der alten Willinger Volksschule, wo drei Grundschulklassen untergebracht sind, zu schlie\u00dfen. Die bestehenden logistischen Probleme k\u00f6nnten durch eine Unterbringung aller Klassen auf dem UPS-Gel\u00e4nde gel\u00f6st werden, wo sich Fach- und Computerr\u00e4ume sowie die Turnhalle befinden. Voraussetzung w\u00e4re die Aufstockung eines vorhandenen Klassentraktes.<\/p>\n<p class=\"bodytext\">WLZ vom 1. September 2011<\/p>\n<\/div>\n<\/div>\n<\/div>\n<\/td>\n<\/tr>\n<\/tbody>\n<\/table>\n<p>&nbsp;<\/p>\n","protected":false},"excerpt":{"rendered":"<p>Dringender Wunsch: Zus\u00e4tzliche Klassenr\u00e4ume Die Fahrsch\u00fcler der Uplandschule stehen nicht mehr im Regen. In den letzten Wochen wurde ein attraktiver Pavillon als Wetterschutz gebaut. Die Kosten belaufen sich auf rund 10.000 Euro. Von Ulrike Schiefner Willingen. Bei dem Projekt handelt es sich wieder um eine echte Gemeinschaftsleistung. Der Vorschlag kam [&hellip;]<\/p>\n","protected":false},"author":11,"featured_media":0,"comment_status":"closed","ping_status":"open","sticky":false,"template":"","format":"standard","meta":{"footnotes":""},"categories":[22],"tags":[],"class_list":["post-12885","post","type-post","status-publish","format-standard","hentry","category-archiv"],"_links":{"self":[{"href":"https:\/\/uplandschule.de\/index.php?rest_route=\/wp\/v2\/posts\/12885","targetHints":{"allow":["GET"]}}],"collection":[{"href":"https:\/\/uplandschule.de\/index.php?rest_route=\/wp\/v2\/posts"}],"about":[{"href":"https:\/\/uplandschule.de\/index.php?rest_route=\/wp\/v2\/types\/post"}],"author":[{"embeddable":true,"href":"https:\/\/uplandschule.de\/index.php?rest_route=\/wp\/v2\/users\/11"}],"replies":[{"embeddable":true,"href":"https:\/\/uplandschule.de\/index.php?rest_route=%2Fwp%2Fv2%2Fcomments&post=12885"}],"version-history":[{"count":1,"href":"https:\/\/uplandschule.de\/index.php?rest_route=\/wp\/v2\/posts\/12885\/revisions"}],"predecessor-version":[{"id":12886,"href":"https:\/\/uplandschule.de\/index.php?rest_route=\/wp\/v2\/posts\/12885\/revisions\/12886"}],"wp:attachment":[{"href":"https:\/\/uplandschule.de\/index.php?rest_route=%2Fwp%2Fv2%2Fmedia&parent=12885"}],"wp:term":[{"taxonomy":"category","embeddable":true,"href":"https:\/\/uplandschule.de\/index.php?rest_route=%2Fwp%2Fv2%2Fcategories&post=12885"},{"taxonomy":"post_tag","embeddable":true,"href":"https:\/\/uplandschule.de\/index.php?rest_route=%2Fwp%2Fv2%2Ftags&post=12885"}],"curies":[{"name":"wp","href":"https:\/\/api.w.org\/{rel}","templated":true}]}}