{"id":12475,"date":"2017-06-28T15:53:57","date_gmt":"2017-06-28T13:53:57","guid":{"rendered":"http:\/\/uplandschule.de\/?p=12475"},"modified":"2017-06-28T15:53:57","modified_gmt":"2017-06-28T13:53:57","slug":"die-neuen-klassen","status":"publish","type":"post","link":"https:\/\/uplandschule.de\/?p=12475","title":{"rendered":"Die neuen Klassen"},"content":{"rendered":"<div id=\"c572\" class=\"csc-default\">\n<div class=\"csc-textpic csc-textpic-center csc-textpic-below csc-textpic-equalheight\">\n<div class=\"csc-textpic-imagewrap\">\n<div class=\"csc-textpic-imagerow\">\n<dl class=\"csc-textpic-image csc-textpic-firstcol\">\n<dt>\n<p><div style=\"width: 309px\" class=\"wp-caption alignleft\"><a href=\"http:\/\/uplandschule.de\/typo3temp\/pics\/38cbb4fb21.jpg\"><img loading=\"lazy\" decoding=\"async\" src=\"http:\/\/uplandschule.de\/typo3temp\/pics\/e0f744b3e1.jpg\" width=\"299\" height=\"244\" border=\"0\" \/><\/a><p class=\"wp-caption-text\">Klasse 1a,Klassenlehrerin Maria M\u00fcller: Max B\u00e4ringhausen, Marieke Bender, Sarah Wassiliki Beyer, Adrian Emde, Jan Emde, Jakob Fischer, Nils Giese, Leon H\u00fclsmann, Sean Querl, Jean-Pierre Renye, Perny Richter, Sebastian Schumann, Niklas ten Eicken, Aaron Wilhelm (Foto: Ulrike Schiefner)<\/p><\/div><\/dt>\n<dd class=\"csc-textpic-caption\"><\/dd>\n<\/dl>\n<dl class=\"csc-textpic-image csc-textpic-lastcol\">\n<dt>\n<p><div style=\"width: 301px\" class=\"wp-caption alignright\"><a href=\"http:\/\/uplandschule.de\/typo3temp\/pics\/d8e144cd81.jpg\"><img loading=\"lazy\" decoding=\"async\" src=\"http:\/\/uplandschule.de\/typo3temp\/pics\/adf7a19891.jpg\" width=\"291\" height=\"244\" border=\"0\" \/><\/a><p class=\"wp-caption-text\">Klasse 1b, Klassenlehrerin Barbara Jentsch: Alexander B\u00e4renf\u00e4nger, Theresa Donath, Felix Gierse, Moritz Gierse, Ute Lisa Hanke, Ben H\u00f6hle, Malvine Luca Holland, Antonia Kesper, Lennart Finn Kesper, Gwendolin Sophie K\u00fcthe, Niklas Leith\u00e4user, Johanna Rummel, Svenja Sch\u00e4fer, Jonah Schilling, S\u00f6ren Frederik Vogel, Ferris Kolja Wind. (Foto: Ulrike Schiefner)<\/p><\/div><\/dt>\n<dd class=\"csc-textpic-caption\"><\/dd>\n<\/dl>\n<\/div>\n<div class=\"csc-textpic-imagerow\">\n<dl class=\"csc-textpic-image csc-textpic-firstcol\">\n<dt>\n<p><div style=\"width: 305px\" class=\"wp-caption alignleft\"><a href=\"http:\/\/uplandschule.de\/typo3temp\/pics\/2ee2bc4be2.jpg\"><img loading=\"lazy\" decoding=\"async\" src=\"http:\/\/uplandschule.de\/typo3temp\/pics\/9497b8d688.jpg\" width=\"295\" height=\"221\" border=\"0\" \/><\/a><p class=\"wp-caption-text\">Die neue HR5a mit Klassenlehrer Anna Friedrichs: Vanessa Bangert, Henrik Beigl, Alina Brachmann, Gina Maria Dickgraefe, Jannik G\u00f6bbeler, Jessica Holtel, Marie Jesinghausen, Ramona Knoch, Robin K\u00f6hler, Kevin Kraft, Maria Kruk, William L\u00f6ffler, Jonas Peter Metten, Mandy Peters, Nils Reinertz, Tim Reinertz, Tom Retz, Dennis Rischen, Hermann Saure, Carolin Suckfiel, Maximilian Westmeier, Adrian Wloka. (Foto: Burkhard Struwe)<\/p><\/div><\/dt>\n<dd class=\"csc-textpic-caption\"><\/dd>\n<\/dl>\n<dl class=\"csc-textpic-image csc-textpic-lastcol\">\n<dt>\n<p><div style=\"width: 305px\" class=\"wp-caption alignright\"><a href=\"http:\/\/uplandschule.de\/typo3temp\/pics\/5240e6a924.jpg\"><img loading=\"lazy\" decoding=\"async\" src=\"http:\/\/uplandschule.de\/typo3temp\/pics\/36341dba3c.jpg\" width=\"295\" height=\"221\" border=\"0\" \/><\/a><p class=\"wp-caption-text\">Die neue HR5b mit Klassenlehrerin Jaqueline Hartung: Stefan Brachmann, Malte Buthmann, Bastian Dietz, Annalena Foth, Rudolf Frankowski, Laura Kruk, Jessica Linder, Emily Pautz, Emin Pautz, Jessica Pfeiffer, Jana P\u00f6ttner, Mareike P\u00f6ttner, Stefanie Sauer, Johannes Sch\u00e4fer, Jasmin Sch\u00fcttler, Marc Tenbusch, Erik Vollbracht, Julian Wege, Laura Wesche, Ramon Wiewecke, Lukas Wilke, Lea Winkelmann. (Foto: Burkhard Struwe)<\/p><\/div><\/dt>\n<dd class=\"csc-textpic-caption\"><\/dd>\n<\/dl>\n<\/div>\n<div class=\"csc-textpic-imagerow csc-textpic-imagerow-last\">\n<dl class=\"csc-textpic-image csc-textpic-firstcol\">\n<dt>\n<p><div style=\"width: 263px\" class=\"wp-caption alignleft\"><a href=\"http:\/\/uplandschule.de\/typo3temp\/pics\/b9cfee322a.jpg\"><img loading=\"lazy\" decoding=\"async\" src=\"http:\/\/uplandschule.de\/typo3temp\/pics\/b39819b5bc.jpg\" width=\"253\" height=\"190\" border=\"0\" \/><\/a><p class=\"wp-caption-text\">Die neue G5a mit Klassenlehrerin Carmen Wilke: Jan Louis Bender, Leander Bornemann, Viktoria B\u00fcttner, Caitlyn Haide, Erik Heidt, Jano J\u00e4ger, Celine Kreten, Alina Lamm, Antonia Lange, Felix Leise, Benjamin Lieser, Ann-Sofie Pfeifer, Hanna Pohlmann, Luisa Querl, Sarah Reinhardt, Jonas Rummel, Michelle Sch\u00e4fer, Lukas Vente, Pascal W\u00e4scher. (Foto: Ulrike Schiefner)<\/p><\/div><\/dt>\n<\/dl>\n<dl class=\"csc-textpic-image csc-textpic-lastcol\">\n<dt>\n<p><div style=\"width: 347px\" class=\"wp-caption alignright\"><a href=\"http:\/\/uplandschule.de\/typo3temp\/pics\/ebb706284d.jpg\"><img loading=\"lazy\" decoding=\"async\" src=\"http:\/\/uplandschule.de\/typo3temp\/pics\/a0ff9077e2.jpg\" width=\"337\" height=\"190\" border=\"0\" \/><\/a><p class=\"wp-caption-text\">Die neue G5b mit Klassenlehrer Stefan Budig: Chantall Abdulla Figueroa, Charline Adamietz, Ben Bakhuys, David B\u00f6rger, Franziska Buth, Janik-Noah Diaz Weber, Tim Enderlein, Jannik Haller, Leonard Alexander Hesse, Hannes Kenk, Bastian Koch, Sven Lohschmidt, Philipp Rehbein, Leonie Scharf, Mehran Scherzad, Jonathan Sens, Hans-Christian Stroth, Stephan Wagner, Paul Winter. (Foto: Ulrike Schiefner)<\/p><\/div><\/dt>\n<dd class=\"csc-textpic-caption\"><\/dd>\n<\/dl>\n<\/div>\n<\/div>\n<\/div>\n<\/div>\n","protected":false},"excerpt":{"rendered":"","protected":false},"author":11,"featured_media":0,"comment_status":"closed","ping_status":"open","sticky":false,"template":"","format":"standard","meta":{"footnotes":""},"categories":[22],"tags":[],"class_list":["post-12475","post","type-post","status-publish","format-standard","hentry","category-archiv"],"_links":{"self":[{"href":"https:\/\/uplandschule.de\/index.php?rest_route=\/wp\/v2\/posts\/12475","targetHints":{"allow":["GET"]}}],"collection":[{"href":"https:\/\/uplandschule.de\/index.php?rest_route=\/wp\/v2\/posts"}],"about":[{"href":"https:\/\/uplandschule.de\/index.php?rest_route=\/wp\/v2\/types\/post"}],"author":[{"embeddable":true,"href":"https:\/\/uplandschule.de\/index.php?rest_route=\/wp\/v2\/users\/11"}],"replies":[{"embeddable":true,"href":"https:\/\/uplandschule.de\/index.php?rest_route=%2Fwp%2Fv2%2Fcomments&post=12475"}],"version-history":[{"count":1,"href":"https:\/\/uplandschule.de\/index.php?rest_route=\/wp\/v2\/posts\/12475\/revisions"}],"predecessor-version":[{"id":12476,"href":"https:\/\/uplandschule.de\/index.php?rest_route=\/wp\/v2\/posts\/12475\/revisions\/12476"}],"wp:attachment":[{"href":"https:\/\/uplandschule.de\/index.php?rest_route=%2Fwp%2Fv2%2Fmedia&parent=12475"}],"wp:term":[{"taxonomy":"category","embeddable":true,"href":"https:\/\/uplandschule.de\/index.php?rest_route=%2Fwp%2Fv2%2Fcategories&post=12475"},{"taxonomy":"post_tag","embeddable":true,"href":"https:\/\/uplandschule.de\/index.php?rest_route=%2Fwp%2Fv2%2Ftags&post=12475"}],"curies":[{"name":"wp","href":"https:\/\/api.w.org\/{rel}","templated":true}]}}